{"id":447,"date":"2014-07-22T15:17:56","date_gmt":"2014-07-22T14:17:56","guid":{"rendered":"http:\/\/www.iesuscaritas.org\/?p=447"},"modified":"2025-10-04T09:58:37","modified_gmt":"2025-10-04T07:58:37","slug":"english-letter-to-the-brothers-in-the-month-of-nazareth-in-ireland-and-benefactors","status":"publish","type":"post","link":"https:\/\/www.iesuscaritas.org\/fr\/letters\/english-letter-to-the-brothers-in-the-month-of-nazareth-in-ireland-and-benefactors\/","title":{"rendered":"Lettre aux fr\u00e8res du mois de Nazareth \u00e0 l&rsquo;Irlande et bienfaiteurs"},"content":{"rendered":"<p>Aux fr\u00e8res d\u2019Irlande rassembl\u00e9s pour le mois de Nazareth et \u00e0 tous nos bienfaiteurs.<\/p>\n<p>Nous sommes 24 pr\u00eatres de la Fraternit\u00e9 Jesus-Caritas rassembl\u00e9s pour le mois de Nazareth \u00e0 Kribi au Cameroun.<\/p>\n<p>Nous venons de diff\u00e9rents pays d\u2019Afrique\u00a0: Burkina, Cameroun, Centrafrique, Madagascar, Tchad, France.<\/p>\n<p>C\u2019est pour nous tous un temps tr\u00e8s fort de fraternit\u00e9, de pri\u00e8re et d\u2019\u00e9changes sur nos minist\u00e8res respectifs et sur notre vie selon l\u2019intuition de Nazareth.<\/p>\n<p>Pour vivre ce rassemblement, plusieurs d\u2019entre nous ont fait l\u2019exp\u00e9rience de la difficult\u00e9 de passer les fronti\u00e8res (Centrafrique, Madagascar\u2026) ce qui a provoqu\u00e9 quelques retards.<br \/>\nMais maintenant nous sommes tous au complet. Et c\u2019est une grande joie pour nous\u00a0! Nous rendons gr\u00e2ce au Seigneur de nous avoir donn\u00e9 de nous rassembler ainsi.<\/p>\n<p>Apr\u00e8s une premi\u00e8re et riche semaine de relecture de vie, nous avons v\u00e9cu une belle semaine de retraite pr\u00each\u00e9e par Mgr Philippe Stevens, \u00e9v\u00eaque \u00e9m\u00e9rite de Maroua-Mokolo (Cameroun) et Petit Fr\u00e8re de l&rsquo;Evangile. Nous entrons actuellement dans la semaine de d\u00e9couverte ou d&rsquo;approfondissement du Message de Charles de Foucauld anim\u00e9e par Jean-Fran\u00e7ois Berjonneau.<\/p>\n<p>Nous mesurons combien le charisme du Fr\u00e8re Charles comme \u00ab\u00a0fr\u00e8re universel\u00a0\u00bb rev\u00eat une grande actualit\u00e9 dans ce contexte de mondialisation et d\u2019incertitudes sur l\u2019avenir pour de nombreux pays.<\/p>\n<p>C&rsquo;est pourquoi nous \u00e9prouvons le d\u00e9sir de venir vous rejoindre, vous qui faites aussi cette exp\u00e9rience du mois de Nazareth en Irlande.<\/p>\n<p>Nous sommes tous unis dans la passion du Fr\u00e8re Charles pour son Bien Aim\u00e9 Seigneur J\u00e9sus-Christ qui nous a appel\u00e9 \u00e0 crier l\u2019Evangile par toute notre vie pour que toute personne humaine, en particulier les pauvres et les exclus soient reconnus comme fr\u00e8res et s\u0153urs bien-aim\u00e9s.<\/p>\n<p>Nous croyons que nous sommes en communion les uns avec les autres dans ce d\u00e9sir commun, qui nous tient ensemble, d\u2019approfondir le message spirituel du Fr\u00e8re Charles.<\/p>\n<p>Et nous remercions de tout c\u0153ur tous ceux qui ont contribu\u00e9 par leur soutien fraternel et solidaire \u00e0 la r\u00e9alisation de ce mois de Nazareth qui nous comble de joie et nous donne un nouvel \u00e9lan pour la mission. Merci de continuer \u00e0 nous porter dans la pri\u00e8re comme nous le faisons pour vous. Selon la belle expression camerounaise : \u00ab\u00a0<em>Nous sommes ensemble !<\/em>\u00a0\u00bb<\/p>\n<p><strong>P. Gr\u00e9goire CADOR<\/strong><br \/>\nParoisse St Joseph de Tokomb\u00e9r\u00e9, Cameroun<\/p>","protected":false},"excerpt":{"rendered":"<p>Aux fr\u00e8res d\u2019Irlande rassembl\u00e9s pour le mois de Nazareth et \u00e0 tous nos bienfaiteurs. Nous sommes 24 pr\u00eatres de la Fraternit\u00e9 Jesus-Caritas rassembl\u00e9s pour le mois de Nazareth \u00e0 Kribi <a class=\"more-link\" href=\"https:\/\/www.iesuscaritas.org\/fr\/letters\/english-letter-to-the-brothers-in-the-month-of-nazareth-in-ireland-and-benefactors\/\">Continue Reading &rarr;<\/a><\/p>\n","protected":false},"author":1,"featured_media":0,"comment_status":"open","ping_status":"open","sticky":false,"template":"","format":"standard","meta":{"footnotes":""},"categories":[3],"tags":[],"class_list":["post-447","post","type-post","status-publish","format-standard","hentry","category-letters"],"_links":{"self":[{"href":"https:\/\/www.iesuscaritas.org\/fr\/wp-json\/wp\/v2\/posts\/447","targetHints":{"allow":["GET"]}}],"collection":[{"href":"https:\/\/www.iesuscaritas.org\/fr\/wp-json\/wp\/v2\/posts"}],"about":[{"href":"https:\/\/www.iesuscaritas.org\/fr\/wp-json\/wp\/v2\/types\/post"}],"author":[{"embeddable":true,"href":"https:\/\/www.iesuscaritas.org\/fr\/wp-json\/wp\/v2\/users\/1"}],"replies":[{"embeddable":true,"href":"https:\/\/www.iesuscaritas.org\/fr\/wp-json\/wp\/v2\/comments?post=447"}],"version-history":[{"count":2,"href":"https:\/\/www.iesuscaritas.org\/fr\/wp-json\/wp\/v2\/posts\/447\/revisions"}],"predecessor-version":[{"id":449,"href":"https:\/\/www.iesuscaritas.org\/fr\/wp-json\/wp\/v2\/posts\/447\/revisions\/449"}],"wp:attachment":[{"href":"https:\/\/www.iesuscaritas.org\/fr\/wp-json\/wp\/v2\/media?parent=447"}],"wp:term":[{"taxonomy":"category","embeddable":true,"href":"https:\/\/www.iesuscaritas.org\/fr\/wp-json\/wp\/v2\/categories?post=447"},{"taxonomy":"post_tag","embeddable":true,"href":"https:\/\/www.iesuscaritas.org\/fr\/wp-json\/wp\/v2\/tags?post=447"}],"curies":[{"name":"wp","href":"https:\/\/api.w.org\/{rel}","templated":true}]}}