{"id":4415,"date":"2020-04-04T17:50:04","date_gmt":"2020-04-04T15:50:04","guid":{"rendered":"https:\/\/www.iesuscaritas.org\/?p=4415"},"modified":"2020-11-28T09:38:27","modified_gmt":"2020-11-28T08:38:27","slug":"francais-en-souvenir-de-michel-pinchon-jean-louis-rattier","status":"publish","type":"post","link":"https:\/\/www.iesuscaritas.org\/fr\/documentos\/francais-en-souvenir-de-michel-pinchon-jean-louis-rattier\/","title":{"rendered":"En souvenir de Michel PINCHON. Jean-Louis RATTIER"},"content":{"rendered":"<p><\/p>\n<p style=\"text-align: justify;\">Le 14 d\u00e9cembre 2019 nous avons d\u00e9pos\u00e9 le corps de Michel Pinchon dans le cimeti\u00e8re de Gouville; la croix centrale est notre repaire pour trouver la tombe et nous recueillir aupr\u00e8s de lui. Un petit groupe de ses amis a pens\u00e9 qu&rsquo;il ne fallait pas laisser se perdre la vie et le t\u00e9moignage de Michel. Un arbre abattu, tomb\u00e9 de tout son long a encore une mission: produire du feu, \u00e9clairer, r\u00e9chauffer. J&rsquo;apporte ici ma contribution en souhaitant que le message de Michel continuer d&rsquo;agir en nous.<\/p>\n<h3 style=\"text-align: justify;\">1. Enfance de Michel<\/h3>\n<p style=\"text-align: justify;\">Michel est n\u00e9 en 1928, trois ans apr\u00e8s son fr\u00e8re Jean; deux fois je l&rsquo;ai entendu parler de sa venue au monde en ces termes surprenants: \u00abUne parente aurait dit \u00e0 mon P\u00e8re: Alors est-ce que vous allez nous faire un deuxi\u00e8me petit? Voyez les Untel, leur fils est mort accidentellement et il n&rsquo;y a pas d&rsquo;h\u00e9ritier!\u00bb Michel aurait-il \u00e9t\u00e9 con\u00e7u comme pr\u00e9caution pour un \u00e9ventuel h\u00e9ritage, n\u00e9 pour l&rsquo;argent? Lui m\u00eame croyait-il \u00e0 cette histoire? Je ne sais&#8230; Mais concr\u00e8tement il a laiss\u00e9 le r\u00f4le d&rsquo;h\u00e9ritier et de r\u00e9ussite sociale \u00e0 son fr\u00e8re a\u00een\u00e9; et l&rsquo;h\u00e9ritage n&rsquo;\u00e9tait pas mince: maison de ma\u00eetre, terres, armoires de style, cave bien remplie etc&#8230;il pr\u00e9cisera plus tard: \u00abJe n&rsquo;ai rien voulu de l&rsquo;h\u00e9ritage de mes parents; je n&rsquo;ai emport\u00e9 que mon rond de serviette\u00bb Ainsi peut-\u00eatre s&rsquo;expliquerait la distance de Michel par rapport aux biens mat\u00e9riels et \u00e0 l&rsquo;argent, une ligne qu&rsquo;il a gard\u00e9e toute sa vie. L&rsquo;argent n&rsquo;est pas sa raison de vivre.<\/p>\n<p style=\"text-align: justify;\">Le travail est une valeur dans la famille Pinchon; Michel est \u00e9lev\u00e9 \u00e0 la dure par un P\u00e8re qui durant les vacances n&rsquo;oublie pas de remplir son emploi du temps de divers travaux \u00e0 la maison, au jardin et dans les champs; pas de place pour l&rsquo;oisivet\u00e9; Michel dira: \u00abJ&rsquo;ai \u00e9t\u00e9 trop engueul\u00e9 par mon P\u00e8re, d\u00e9sormais je n&rsquo;accepterai plus cela de personne\u00bb<\/p>\n<p style=\"text-align: justify;\">En plus de sa m\u00e8re \u00c9liane, deux autres figures maternelles viennent adoucir l&rsquo;enfance de Michel: sa grand-m\u00e8re et Germaine qu&rsquo;il appelait sa nounou. Germaine avait seulement 15 ans \u00e0 son arriv\u00e9e dans la famille et Michel 5 ans; et elle y est rest\u00e9e toute sa vie; m\u00eame retrait\u00e9e, elle lavait encore le linge de Michel. Une fois, raconte Michel, un dimanche, rev\u00eatu de son beau costume et malgr\u00e9 les avertissements de Germaine, il \u00e9tait mont\u00e9 sur des tas de bois pour faire l&rsquo;acrobat; le pr\u00e9visible arriva: une chute et une belle d\u00e9chirure au costume; Alors Germaine clandestinement entreprit de recoudre un \u00e0 un les fils et c&rsquo;est seulement quelques mois plus tard que Mme Pinchon s&rsquo;\u00e9tonna de ce bizarre raccommodage. De m\u00eame quand Mme Pinchon rentrait de la ville et demandait: \u00abEst-ce que les gar\u00e7ons ont \u00e9t\u00e9 sages?\u00bb M\u00eame s&rsquo;ils avaient \u00e9t\u00e9 turbulents, elle s&rsquo;entendait r\u00e9pondre par Germaine: Mais oui, Madame\u00bb<\/p>\n<p style=\"text-align: justify;\">Michel a toujours eu une relation difficile avec l&rsquo;autorit\u00e9. Y aurait-il une explication dans cette anecdote qu&rsquo;il raconte? A l&rsquo;\u00e9cole primaire pendant la classe arrivent deux gendarmes qui sans explication emm\u00e8nent avec eux un de ses camarades; l&rsquo;apr\u00e8s-midi le gar\u00e7on ne r\u00e9appara\u00eet pas ni le lendemain ni le sur-lendemain; Michel panique; les gendarmes auraient-ils ce pouvoir terrifiant de vous faire dispara\u00eetre? Son copain est-il au fond d&rsquo;une cellule, en prison ou m\u00eame mort? L&rsquo;explication n&rsquo;arrive que la semaine suivante: le p\u00e8re du gar\u00e7on \u00e9tait mort accidentellement et les gendarmes avaient simplement reconduit le gar\u00e7on chez lui. Michel gardera un traumatisme de cet \u00e9pisode; il a toujours peur des gendarmes, m\u00eame pour un simple contr\u00f4le routier et l&rsquo;uniforme quel qu&rsquo;il soit lui inspire une grande m\u00e9fiance. D&rsquo;une fa\u00e7on g\u00e9n\u00e9rale, Michel n&rsquo;aime pas les affrontements ou les conflits; il pr\u00e9f\u00e8re souvent s&rsquo;\u00e9loigner.<\/p>\n<p style=\"text-align: justify;\">Jean, de trois ans son a\u00een\u00e9, a publi\u00e9 en 2010 son autobiographie \u00abM\u00e9moires d&rsquo;un paysan\u00bb aux \u00e9ditions l&rsquo;Harmatan; il \u00e9voque Michel avec ces mots: \u00abDepuis le jour de sa naissance Michel est une joie pour moi\u00bb Il raconte aussi la surprise qu&rsquo;ils ont son p\u00e8re et lui quand apr\u00e8s son bac Michel leur d\u00e9clare calmement: \u00abJe veux \u00eatre pr\u00eatre\u00bb Jean ajoute \u00abMon p\u00e8re \u00e9tait croyant et pratiquant mais, comme beaucoup de normands, joyeusement anticl\u00e9rical; il dit \u00e0 Michel: Tu seras pr\u00eatre si tu veux \u00e0 ta majorit\u00e9, mais pour l&rsquo;instant tu fais des \u00e9tudes de lettres\u00bb<\/p>\n<p style=\"text-align: justify;\">De son c\u00f4t\u00e9 Jean r\u00e9alise un parcours professionnel de haut niveau; apr\u00e8s de solides \u00e9tudes d&rsquo;agronomie, il se consacre au syndicalisme agricole o\u00f9 il c\u00f4toie en particulier Henri Canonge, Jean-Baptiste Doumens et Michel Debatisse. Puis vient le temps de la politique dans diff\u00e9rents cabinets minist\u00e9riels aupr\u00e8s de Val\u00e9ry Giscard d&rsquo;Estaing, Michel Debr\u00e9, Edgar Pisani, Edgard Faure et Georges Pompidou; Jean aurait m\u00eame d\u00e9clin\u00e9 la proposition de Pompidou qui lui offrait le poste de ministre de l&rsquo;agriculture; Jean pense que c&rsquo;est trop tard pour lui car d\u00e9j\u00e0 il s&rsquo;est engag\u00e9 dans une troisi\u00e8me vie, celle des exportations et du commerce international principalement avec les USA. Jean repr\u00e9sente pour Michel une vie et des id\u00e9aux trop li\u00e9s au pouvoir et \u00e0 l&rsquo;argent. Dans les r\u00e9unions de famille Jean est le centre; Michel se tait.<\/p>\n<h3 style=\"text-align: justify;\">2. Souvenirs personnels<\/h3>\n<p style=\"text-align: justify;\">Apr\u00e8s une dizaine d&rsquo;ann\u00e9es \u00e0 l&rsquo;\u00e9cole d&rsquo;agriculture de Tourville, Michel succ\u00e8de au P\u00e8re Rocher comme sup\u00e9rieur du Petit S\u00e9minaire d&rsquo;Evreux, place Saint-Taurin; c&rsquo;est l\u00e0 que je fais sa connaissance; j&rsquo;ai 15 ans. Michel impressionne par sa stature et porte de beaux costumes; il dira de moi: \u00abQui est-ce grand jeune homme s\u00e9rieux, qui ne s&rsquo;exprime pas beaucoup? \u00bb C&rsquo;est le d\u00e9but d&rsquo;une relation qui durera 55 ans; on a eu le temps de se conna\u00eetre.<\/p>\n<p style=\"text-align: justify;\">Michel, attentif \u00e0 la vie et aux signes des temps que le r\u00e9cent Concile invite \u00e0 d\u00e9couvrir, pressent que la formule \u00abPetit s\u00e9minaire\u00bb est \u00e0 bout de souffle; D&rsquo;ailleurs dans les ann\u00e9es 70 la plupart des petits s\u00e9minaires fermeront, et certains reprocheront \u00e0 Michel d&rsquo;avoir \u00e9t\u00e9 celui qui a ferm\u00e9 le s\u00e9minaire. En attendant Michel anticipe le mouvement; il envoie les \u00e9l\u00e8ves \u00e9tudier \u00e0 Saint-Fran\u00e7ois pour proposer plus de fili\u00e8res au bac; le petit s\u00e9minaire devient un foyer, un lieu de vie et Michel y pratique une p\u00e9dagogie de la responsabilit\u00e9; au lieu de la messe obligatoire chaque matin on peut choisir entre la messe ou un temps de m\u00e9ditation spirituelle guid\u00e9e; certains temps d&rsquo;\u00e9tudes ne sont plus surveill\u00e9s (on parle alors d&rsquo;auto-contr\u00f4le, d&rsquo;auto-discipline) Un apr\u00e8s-midi par semaine les s\u00e9minaristes volontaires se dispersent dans les paroisses pour le cat\u00e9chisme ou d&rsquo;autres activit\u00e9s. Certains soirs Michel nous regroupe; il nous lit et explique Saint Saint Exup\u00e9ry ou Camus. Une ann\u00e9e il nous laisse organiser une collecte de meubles et d&rsquo;appareils divers au profit du CCFD; nous trouvons 15 camions d&rsquo;entreprises ou de la base am\u00e9ricaine pour cette op\u00e9ration. La cour du s\u00e9minaire d\u00e9borde; il faudra vendre tout \u00e7a. De diverses fa\u00e7ons Michel nous sensibilise aux probl\u00e8mes de la faim, du tiers-monde et du d\u00e9veloppement. Oui, Michel est assur\u00e9ment un \u00e9ducateur; toute sa vie il gardera une \u00e9tonnante capacit\u00e9 de contact avec les jeunes.<\/p>\n<p style=\"text-align: justify;\">Michel a toujours \u00e9t\u00e9 pr\u00e9sent aux diff\u00e9rentes \u00e9tapes de ma vie; et j&rsquo;ai trouv\u00e9 aupr\u00e8s de lui \u00e9coute et compr\u00e9hension; ainsi en 1969 apr\u00e8s 2 ans au grand S\u00e9minaire de Rouen, je suis face \u00e0 un choix: le service militaire ou l&rsquo;objection de conscience; mes id\u00e9es pacifistes me poussent vers l&rsquo;objection qui se traduit \u00e0 l&rsquo;\u00e9poque par un service social de 3 ans. Je consulte les autorit\u00e9s; Mgr Antony Caillot, \u00e9v\u00eaque d&rsquo;Evreux, me dit: \u00abJe ne vous demande pas d&rsquo;\u00eatre officier, mais faites au moins le service militaire\u00bb Le P\u00e8re Devis sup\u00e9rieur du grand s\u00e9minaire me r\u00e9pond: \u00abJ&rsquo;ai peur pour vous, aucun s\u00e9minariste-objecteur n&rsquo;est revenu pour continuer vers le sacerdoce\u00bb Quant \u00e0 mon p\u00e8re spirituel du s\u00e9minaire il est davantage pr\u00e9occup\u00e9 d&rsquo;art et de liturgie que de mon orientation.<\/p>\n<p style=\"text-align: justify;\">Rendez-vous est pris avec Michel; je lui expose mon projet de travailler dans les bidonvilles en r\u00e9gion parisienne en rejoignant le P\u00e8re Joseph Wresinski d&rsquo;ATD-Quart monde. Sa r\u00e9ponse arrive claire et nette: \u00abSi tu y crois, faut le faire\u00bb 4 mois plus tard, je pars pour Pierrelaye, le centre de formation d&rsquo;ATD et ensuite dans le camp de Noisy-le-Grand o\u00f9 les familles pauvres s&rsquo;entassent sous les fameux \u00abigloos\u00bb en fibrociment. J&rsquo;anime une biblioth\u00e8que et des activit\u00e9s pour les enfants; Je n&rsquo;ai jamais regrett\u00e9 ce temps de service social.<\/p>\n<p style=\"text-align: justify;\">En 1981, j&rsquo;ai 32 ans et apr\u00e8s 6 ann\u00e9es de minist\u00e8re paroissial \u00e0 Vernon je me questionne sur mon avenir; certains diront, c&rsquo;est la crise des 6 ans de mariage \u00abavec l\u2019\u00c9glise\u00bb; J&rsquo;ai le d\u00e9sir de participer \u00e0 une autre forme d\u2019\u00c9glise, plus engag\u00e9e, plus \u00e9vang\u00e9lique; J&rsquo;exprime \u00e0 Michel mon projet de voyager en Am\u00e9rique Latine pour y rencontrer des pr\u00eatres et des communaut\u00e9s; Michel n&rsquo;est pas surpris et me dit tout de suite: \u00abSi tu veux je t&#8217;emm\u00e8ne au Br\u00e9sil dans 6 mois; je vais \u00e0 une assembl\u00e9e continentale des fraternit\u00e9s sacerdotales Charles de Foucauld. Je te ferai conna\u00eetre des pr\u00eatres de diff\u00e9rents pays qui ensuite te recevront chez eux. Nous partons donc \u00e0 Sao Paulo, je passe une semaine \u00e0 l&rsquo;assembl\u00e9e et 15 jours dans des paroisses populaires avec 2 pr\u00eatres italiens; Nous sommes m\u00eame invit\u00e9s par le cardinal Arns \u00e0 conc\u00e9l\u00e9brer avec lui dans sa cath\u00e9drale; nous ne sommes pas loin de San Andr\u00e9 o\u00f9 d\u00e9j\u00e0 un certain Lula fait parler de lui.<\/p>\n<p style=\"text-align: justify;\">Sur les indications de Michel mon voyage se poursuit en Uruguay un pays tr\u00e8s la\u00efc et peu latino, puis en Argentine \u00e0 Buenos Aires chez Luis Stockler qui deviendra \u00e9v\u00eaque quelques ann\u00e9es plus tard et aussi un p\u00e9riple dans le nord \u00e0 Reconquista chez Paul Dugast, un pr\u00eatre fran\u00e7ais. Et encore \u00e0 Santiago au Chili, chez Luis Borremans, un belge et chez Alvaro Gonzales. D\u00e9j\u00e0 je visite la communaut\u00e9 de Mariano Puga, dans un quartier populaire qui r\u00e9siste \u00e0 la dictature de Pinochet. Mariano vient de mourir en ce d\u00e9but de 2020; Il avait re\u00e7u un prix de la Paix au niveau du Chili et son inhumation a rassembl\u00e9 des milliers de gens venus des quartiers populaires. Quand il venait en France il ne manquait jamais de rendre visite \u00e0 Michel.<\/p>\n<p style=\"text-align: justify;\">Puis je d\u00e9barque \u00e0 Lima au P\u00e9rou chez Jean Dumont, un autre pr\u00eatre, ami de Michel qui a fond\u00e9 les \u00ab\u00e9quipes enseignantes\u00bb au P\u00e9rou et au Chili; il parcourt la campagne pour regrouper instituteurs et enseignants en leur proposant de former des groupes de r\u00e9flexion chr\u00e9tienne; il vit \u00e0 Lima dans un bidonville sordide appel\u00e9 \u00abCaja de Agua\u00bb c&rsquo;est \u00e0 dire \u00abCaisse d&rsquo;eau\u00bb dans une ville o\u00f9 il ne pleut jamais! L\u00e0 les pauvres se font enterrer dans le sable du d\u00e9sert \u00e0 quelques kilom\u00e8tres pour \u00e9viter de payer une tombe. Jean me fait un programme de voyage dans la cordill\u00e8re des Andes, \u00e0 Arequipa, au lac Titicaca, Puno, Cusco; c&rsquo;est l&rsquo;aventure.<\/p>\n<p style=\"text-align: justify;\">Apr\u00e8s 3 mois de voyage, ma d\u00e9cision est prise; avec l&rsquo;accord du dioc\u00e8se, je propose mes services au CEFAL ( organisme des \u00e9v\u00eaques de France) qui prend en charge ceux qu&rsquo;on appelle les \u00abFidei Donum\u00bb Et aussit\u00f4t on m&rsquo;envoie \u00e0 Louvain en Belgique pour \u00e9tudier l&rsquo;Espagnol et la culture latino; Mon choix du Chili doit beaucoup aux exil\u00e9s politiques chiliens, accueillis \u00e0 Gaillon et Vernon en 75-76; j&rsquo;avais sympathis\u00e9 avec eux et d\u00e9j\u00e0 ils m&rsquo;avaient initi\u00e9 \u00e0 la langue, aux chants et \u00e0 leur culture. Et avaient-ils ajout\u00e9 \u00abLe Chili est le plus beau pays du monde\u00bb Alors en route.<\/p>\n<p style=\"text-align: justify;\">Michel avait des amis dans de nombreux endroits \u00e0 cause des r\u00e9seaux de la Famille spirituelle De Foucauld qui compte 17 branches diff\u00e9rentes, des revues \u00abJ\u00e9sus\u00bb et \u00abJonas\u00bb et de sa participation \u00e0 des instances nationales ou r\u00e9gionales en ce qui concerne l\u2019\u00e9glise. Je l&rsquo;ai constat\u00e9: dans n&rsquo;importe quel dioc\u00e8se en France on trouvait toujours quelques pr\u00eatres qui le connaissaient; Michel partageait ses amis, il ne les gardait pas pour lui. Ainsi il a fait conna\u00eetre les livres, les \u00e9crits et les activit\u00e9s de son grand ami, G\u00e9rard Bessi\u00e8re. Beaucoup connaissent les hom\u00e9lies de G\u00e9rard quand il pr\u00eachait \u00e0 la messe de France Culture ou \u00e9crivait pour \u00abLa Vie\u00bb Ces hom\u00e9lies pour les 3 ann\u00e9es liturgiques sont bien s\u00fbr regroup\u00e9es dans plusieurs livres. Michel m&rsquo;a fait conna\u00eetre des pr\u00eatres des fraternit\u00e9s qui ont eu de l&rsquo;importance pour moi: Gunther Lembralt au Br\u00e9sil, Jim Murphy un irlandais, Jacques Leclerc et Guy Bouill\u00e9 \u00e0 Montr\u00e9al, Bruno Verret et Yvon Trottier \u00e0 Qu\u00e9bec, sans oublier Donald Hanchon aux USA qui m&rsquo;a fait venir 3 ans \u00e0 Detroit pour la pastorale des migrants mexicains.<\/p>\n<p style=\"text-align: justify;\">De m\u00eame en France \u00e0 chacune de mes nominations ( Vernon, Saint-Andr\u00e9 et Damville ) Michel ne manquait pas de me dire \u00abTiens, tu iras chez les Untel, ce sont des amis\u00bb; \u00e0 Vernon, il m&rsquo;a fait conna\u00eetre le groupe \u00abVie Nouvelle\u00bb Michel \u00e9tait en lien avec beaucoup de la\u00efcs croyants ou non, int\u00e9gr\u00e9s dans l&rsquo;\u00c9glise ou mal \u00e0 l&rsquo;aise avec l&rsquo;institution. J&rsquo;ai not\u00e9 que souvent la relation avait commenc\u00e9 par l&rsquo;extr\u00eame disponibilit\u00e9 de Michel dans des circonstances difficiles; ainsi par exemple \u00e0 Evreux, alors qu&rsquo;il est vicaire g\u00e9n\u00e9ral, il laisse son travail pendant 3 jours pour se consacrer \u00e0 une famille dont le fils s&rsquo;\u00e9tait suicid\u00e9 sur une plage normande. Ou encore \u00e0 Vernon, il soutient une famille qui a perdu une petite fille de 2 ans; chaque fois c&rsquo;est le d\u00e9but d&rsquo;une amiti\u00e9 formidable.<\/p>\n<p style=\"text-align: justify;\">Au fil des ann\u00e9es Michel s&rsquo;est constitu\u00e9 un r\u00e9seau d&rsquo;amis tr\u00e8s nombreux; j&rsquo;ai retrouv\u00e9 un r\u00e9pertoire o\u00f9 il avait not\u00e9 simplement le nom des couples et de leurs enfants, comme s&rsquo; il craignait d&rsquo;oublier les pr\u00e9noms. Est-ce qu&rsquo;il r\u00e9visait de temps en temps? Ce r\u00e9seau il l&rsquo;appelait \u00abMa paroisse personnelle\u00bb car beaucoup venaient c\u00e9l\u00e9brer \u00e0 Gouville: bapt\u00eame, mariage, noces d&rsquo;or; sans oublier que Michel allait aussi c\u00e9l\u00e9brer \u00e0 l&rsquo;ext\u00e9rieur et parfois tr\u00e8s loin. Tr\u00e8s t\u00f4t il avait mis en place des temps de pri\u00e8re pour les divorc\u00e9s-remari\u00e9s et parfois m\u00eame des c\u00e9l\u00e9brations incluant des juifs ou des musulmans.<\/p>\n<h3 style=\"text-align: justify;\">3. Ce que j&rsquo;ai observ\u00e9 chez lui<\/h3>\n<p style=\"text-align: justify;\">Michel prenait tr\u00e8s au s\u00e9rieux son temps de pri\u00e8re chaque matin, une heure si possible; Dans le ch\u0153ur de l&rsquo;\u00e9glise, sa stalle l&rsquo;attendait avec le br\u00e9viaire, le Prions en \u00c9glise, quelques livres de spiritualit\u00e9 et une couverture car il ne faisait pas bien chaud l&rsquo;hiver. Sa pi\u00e9t\u00e9 n&rsquo;avait rien d&rsquo;ostentatoire mais il restait fid\u00e8le aux recommandations des fraternit\u00e9s de Foucauld: la pri\u00e8re, l&rsquo;adoration eucharistique, un journ\u00e9e de d\u00e9sert de temps en temps et la r\u00e9vision de vie chaque mois en petite \u00e9quipe. Il acceptait aussi de pr\u00eacher des retraites spirituelles \u00e0 divers groupes.<\/p>\n<p style=\"text-align: justify;\">Beaucoup ont not\u00e9 son style de vie volontairement pauvre; dans les ann\u00e9es 90, en visite chez lui Jacques Gaillot lui dit \u00abMichel tu vas sans doute enlever ce vieil \u00e9vier de pierre et enfin installer l&rsquo;eau chaude!\u00bb R\u00e9ponse de Michel: \u00abCet \u00e9vier, il sera encore l\u00e0 bien apr\u00e8s moi\u00bb Michel s&rsquo;obstinait \u00e0 ne jamais fermer \u00e0 cl\u00e9 sa maison m\u00eame s&rsquo;il partait pour un voyage de 3 mois: quelqu&rsquo;un pourrait avoir besoin de s&rsquo;y abriter! Quelques vols: un v\u00e9lo tout neuf \u00e0 peine offert, des outils, un peu de fuel ou quelques bouteilles, tout cela ne semblait pas l&rsquo;impressionner. D&rsquo;une fa\u00e7on g\u00e9n\u00e9rale, comme Jean Goujet, il voulait mettre en pratique ce conseil \u00e9vang\u00e9lique \u00abDonne \u00e0 qui te demande\u00bb Et Michel a donn\u00e9 pour de vrais d\u00e9pannages mais aussi parfois \u00e0 des escrocs, \u00e0 de vrais arnaqueurs.<\/p>\n<p style=\"text-align: justify;\">Fils d&rsquo;agriculteur Michel aimait travailler la terre, d\u00e9sherber, planter, observer la croissance des plantes, des fleurs et des l\u00e9gumes; son jardin n&rsquo;avait pas de rentabilit\u00e9 \u00e9conomique mais \u00e9tait plut\u00f4t un pr\u00e9texte \u00e0 la relation, \u00e0 des \u00e9changes; certains lui fournissaient les plants, comme son ami Alfred Verda de Breteuil et Michel partageait la r\u00e9colte avec les pr\u00eatres de Damville, Jean et Popol, les religieuses ou d&rsquo;autres. Ses invit\u00e9s en profitaient \u00e9galement car Michel aimait recevoir\u00a0: amis, couples, groupes; il pensait toujours \u00e0 d\u00e9corer la table et rappelait la r\u00e9flexion de ce jeune auquel il avait donn\u00e9 \u00e0 lire l&rsquo;\u00e9vangile de St Marc \u00abDis donc dans ton bouquin, ils ne font que bouffer\u00bb Michel avait retenu la le\u00e7on: Les pr\u00e9parations aux sacrements commen\u00e7aient souvent par un repas pour faire connaissance, pour s&rsquo;apprivoiser et si possible pr\u00e9parer la c\u00e9r\u00e9monie.<\/p>\n<p style=\"text-align: justify;\">Sans doute faut-il aussi prendre conscience de l&rsquo;\u00e9coute inconditionnelle de Michel; par de discr\u00e8tes questions il faisait progresser la conversation, \u00e9vitant de juger. Il ne donnait pas de conseils, il ne moralisait pas; il sugg\u00e9rait tant il voulait respecter la libert\u00e9 de l&rsquo;autre; il a souvent \u00e9cout\u00e9 des bavards avec infiniment de patience; une fois ou l&rsquo;autre il m&rsquo;a dit \u00abCette femme Africaine, nouvellement convertie, je l&rsquo;ai \u00e9cout\u00e9e tout l&rsquo;apr\u00e8s-midi mais r\u00e9ellement je n&rsquo;ai rien compris; elle parle de sa foi chr\u00e9tienne, mais en m\u00eame temps elle raconte ses r\u00eaves et m\u00e9lange tout cela avec la magie et les coutumes de son pays\u00bb Il n&rsquo;avait pas compris, mais il avait \u00e9cout\u00e9.<\/p>\n<p style=\"text-align: justify;\">On ne comprendrait pas Michel sans voir son rapport avec son corps qui \u00e9tait un peu le \u00abfr\u00e8re \u00e2ne\u00bb qu&rsquo;on a le droit de brutaliser; Michel avait une sant\u00e9 de fer et ajoutent certains \u00abun estomac d&rsquo;autruche\u00bb Il le disait lui-m\u00eame \u00abJusqu&rsquo;\u00e0 70 ans, je n&rsquo;ai jamais rempli une feuille de s\u00e9curit\u00e9 sociale\u00bb Jamais malade, jamais fatigu\u00e9, dormant peu, toujours disponible, tr\u00e8s souvent sur la route dans le d\u00e9partement ou plus loin.Une fois en voiture il est revenu de Madrid ( 1500 Km) d&rsquo;une seule traite, sans \u00e9tape; seule explication qu&rsquo;il avait donn\u00e9e \u00abJ&rsquo;ai mis un stock d&rsquo;eau \u00e0 c\u00f4t\u00e9 de moi et j&rsquo;ai roul\u00e9\u00bb<\/p>\n<p style=\"text-align: justify;\">Dans ces derni\u00e8res ann\u00e9es ses amis ont d\u00fb beaucoup insister aupr\u00e8s de Michel pour qu&rsquo;il prenne soin de lui, qu&rsquo;il voie un m\u00e9decin, un cardiologue et qu&rsquo;il suive leurs prescriptions; Michel apr\u00e8s son op\u00e9ration de la hanche n&rsquo;a pas v\u00e9cu les 6 mois de r\u00e9\u00e9ducation \u00e0 la Musse comme une souffrance ou une \u00e9preuve mais plut\u00f4t comme une d\u00e9couverte, un temps de partage et de rencontre avec les autres; seule ombre au tableau: ce m\u00e9decin-chef qui pr\u00e9tendait l&rsquo;envoyer en maison de retraite! Cela il ne peut le lui pardonner.<\/p>\n<p style=\"text-align: justify;\">A son retour de la Musse, des groupes et des amis de Michel organisaient des r\u00e9unions chez lui pour lui \u00e9viter un d\u00e9placement en voiture jug\u00e9 dangereux; mais Michel pers\u00e9v\u00e9rait dans son id\u00e9e de conduire pour de petits parcours et cela malgr\u00e9 plusieurs accrochages et accidents. Cela a compliqu\u00e9 notre relation avec lui; ceux qui lui tenaient t\u00eate se sont vertement fait engueuler, tant cela lui semblait une atteinte \u00e0 sa libert\u00e9. Marie-France et Philippe, Jean-Fran\u00e7ois et moi-m\u00eame, nous avons le souvenir de ces moments o\u00f9 le ton a vraiment mont\u00e9. Il a fallu lutter pour que Jacques obtienne de le conduire faire des courses \u00e0 Breteuil et moi-m\u00eame pour aller le chercher pour les messes dominicales, des r\u00e9unions ou des repas. Il ne voulait d\u00e9pendre de personne et les accidents qu&rsquo;il avait eus \u00e9taient toujours arriv\u00e9s \u00ab\u00e0 cause des autres\u00bb Anecdote encore: \u00e0 la Musse l&rsquo;examen sur sa capacit\u00e9 de conduire dans un simulateur moderne s&rsquo;\u00e9tait av\u00e9r\u00e9 n\u00e9gatif pour lui. Mais Michel avec assurance et une grande part de mauvaise foi avait d\u00e9clar\u00e9 que l&rsquo;appareil ne fonctionnait pas bien! Au total il a laiss\u00e9 une voiture qui selon le garagiste aurait n\u00e9cessit\u00e9 plus de 4500 Euros de r\u00e9parations principalement en carrosserie. Je garde un mauvais souvenir de cette p\u00e9riode o\u00f9 vraiment nous avons trembl\u00e9 de le savoir sur les routes.<\/p>\n<p style=\"text-align: justify;\">Dans ces 3 ou 4 derni\u00e8res ann\u00e9es, retir\u00e9 dans son cher Gouville, Michel a voulu continuer \u00e0 donner un sens \u00e0 sa vie; il se faisait un emploi du temps; tant qu&rsquo;il a pu il a visit\u00e9 quelques malades dans son voisinage dont une femme tr\u00e8s \u00e2g\u00e9e et aveugle; \u00e0 sa demande il lui lisait des passages d&rsquo;\u00e9vangile. Lui-m\u00eame lisait beaucoup; et souvent en soir\u00e9e Jacques et Marie-Agn\u00e8s Gougeon rejoignaient Michel pour un temps de lecture comment\u00e9e et d&rsquo;\u00e9changes. L&rsquo;apr\u00e8s-midi Michel se donnait du temps pour la promenade et le jardinage; et surtout il a red\u00e9couvert le br\u00e9viaire et les psaumes qu&rsquo;il savourait; parfois, et c&rsquo;\u00e9tait nouveau pour lui, il poursuivait par la messe, l\u00e0 tout seul dans son bureau.<\/p>\n<h3 style=\"text-align: justify;\">Conclusion<\/h3>\n<p style=\"text-align: justify;\">Au terme de ces pages il est bien difficile d&rsquo;\u00e9laborer une synth\u00e8se de la vie de Michel; d&rsquo;autres \u00e9l\u00e9ments dans ce livret vous y aideront. Toutefois je risque une comparaison: en m\u00e9decine il y a de grands professeurs, des sp\u00e9cialistes de renom, d&rsquo;excellents chirurgiens, des meneurs d&rsquo;\u00e9quipes, des chefs de cliniques et au bas de l&rsquo;\u00e9chelle dans notre petite ville un simple g\u00e9n\u00e9raliste dont nous appr\u00e9cions les soins.<\/p>\n<p style=\"text-align: justify;\">Michel au fond a \u00e9t\u00e9 un pr\u00eatre g\u00e9n\u00e9raliste; ex\u00e9g\u00e8te \u00e0 ses heures quand il lisait le \u00abJ\u00e9sus\u00bb en 4 tomes de John P. MEIR, un bibliste de renom mondial, historien quand il parcourait 1500 pages sur l&rsquo;histoire des croisade; spirituel car fin connaisseur de la vie et des \u00e9crits de Charles de Foucauld; accompagnateur spirituel de ceux qui se confiaient \u00e0 lui, pr\u00eatres, religieuses et la\u00efcs; voyageur pendant 12 ans en Asie, Afrique et aux Am\u00e9rique; animateur de sessions, de colloques, apte \u00e0 donner des lignes de travail et \u00e0 r\u00e9diger d&rsquo;excellentes synth\u00e8ses; journaliste avec ses deux revues quand il s&rsquo;agissait de suivre et de r\u00e9fl\u00e9chir sur l&rsquo;actualit\u00e9 de l\u2019\u00e9glise et du monde, excellent gestionnaire quand il s&rsquo;agissait de tenir les finances de Tourville, du s\u00e9minaire, du dioc\u00e8se et m\u00eame le budget municipal de Gouville; fondateur et animateur infatigable de l&rsquo;Action Catholique rurale; et enfin simple pr\u00eatre en paroisse. Au fond Michel ne s&rsquo;est sp\u00e9cialis\u00e9 en rien, mais il a \u00e9t\u00e9 pr\u00e9sent et actif sur bien des fronts; sa polyvalence l&rsquo;a ouvert \u00e0 beaucoup de gens et sa seule sp\u00e9cialit\u00e9 fut celle de l&rsquo;Amiti\u00e9 Inconditionnelle dont nous avons b\u00e9n\u00e9fici\u00e9. J&rsquo;imagine une plaque professionnelle sur la porte de sa maison: \u00abIci sp\u00e9cialiste en Amiti\u00e9; Entrez sans frapper\u00bb Nous le savons, cette amiti\u00e9 avait sa source dans un Autre, ce J\u00e9sus qu&rsquo;il a aim\u00e9 et qu&rsquo;il a rejoint.<\/p>\n<p style=\"text-align: justify;\">31 Mars 2020<\/p>\n<p>PDF: <a href=\"https:\/\/www.iesuscaritas.org\/wp-content\/uploads\/2020\/04\/En-souvenir-de-Michel-PINCHON.-Jean-Louis-RATTIER.pdf\">En souvenir de Michel PINCHON. Jean-Louis RATTIER<\/a><\/p>","protected":false},"excerpt":{"rendered":"<p>Le 14 d\u00e9cembre 2019 nous avons d\u00e9pos\u00e9 le corps de Michel Pinchon dans le cimeti\u00e8re de Gouville; la croix centrale est notre repaire pour trouver la tombe et nous recueillir <a class=\"more-link\" href=\"https:\/\/www.iesuscaritas.org\/fr\/documentos\/francais-en-souvenir-de-michel-pinchon-jean-louis-rattier\/\">Continue Reading &rarr;<\/a><\/p>\n","protected":false},"author":1,"featured_media":0,"comment_status":"closed","ping_status":"open","sticky":false,"template":"","format":"standard","meta":{"footnotes":""},"categories":[78],"tags":[],"class_list":["post-4415","post","type-post","status-publish","format-standard","hentry","category-documentos"],"_links":{"self":[{"href":"https:\/\/www.iesuscaritas.org\/fr\/wp-json\/wp\/v2\/posts\/4415","targetHints":{"allow":["GET"]}}],"collection":[{"href":"https:\/\/www.iesuscaritas.org\/fr\/wp-json\/wp\/v2\/posts"}],"about":[{"href":"https:\/\/www.iesuscaritas.org\/fr\/wp-json\/wp\/v2\/types\/post"}],"author":[{"embeddable":true,"href":"https:\/\/www.iesuscaritas.org\/fr\/wp-json\/wp\/v2\/users\/1"}],"replies":[{"embeddable":true,"href":"https:\/\/www.iesuscaritas.org\/fr\/wp-json\/wp\/v2\/comments?post=4415"}],"version-history":[{"count":1,"href":"https:\/\/www.iesuscaritas.org\/fr\/wp-json\/wp\/v2\/posts\/4415\/revisions"}],"predecessor-version":[{"id":4417,"href":"https:\/\/www.iesuscaritas.org\/fr\/wp-json\/wp\/v2\/posts\/4415\/revisions\/4417"}],"wp:attachment":[{"href":"https:\/\/www.iesuscaritas.org\/fr\/wp-json\/wp\/v2\/media?parent=4415"}],"wp:term":[{"taxonomy":"category","embeddable":true,"href":"https:\/\/www.iesuscaritas.org\/fr\/wp-json\/wp\/v2\/categories?post=4415"},{"taxonomy":"post_tag","embeddable":true,"href":"https:\/\/www.iesuscaritas.org\/fr\/wp-json\/wp\/v2\/tags?post=4415"}],"curies":[{"name":"wp","href":"https:\/\/api.w.org\/{rel}","templated":true}]}}