{"id":3640,"date":"2018-12-20T21:06:36","date_gmt":"2018-12-20T20:06:36","guid":{"rendered":"https:\/\/www.iesuscaritas.org\/?p=3640"},"modified":"2018-12-26T18:41:49","modified_gmt":"2018-12-26T17:41:49","slug":"wend-be-ne-do-burkina-faso-informe-diciembre-2018","status":"publish","type":"post","link":"https:\/\/www.iesuscaritas.org\/fr\/documentos\/wend-be-ne-do-burkina-faso-informe-diciembre-2018\/","title":{"rendered":"WEND BE NE DO, Burkina Faso: Rapport de D\u00e9cembre 2018"},"content":{"rendered":"<p><\/p>\n<p style=\"text-align: justify;\">Rapport de la visite du suivi du projet WEND BE NE DO (WBND) au Burkina Faso, des coop\u00e9rants Carlos LLANO, Andr\u00e9s Pedro MU\u00d1OZ, Alberto HERNANDIS et Aurelio SANZ de la Fondation Tienda Asilo de San Pedro (FTASP) de Carthag\u00e8ne, Espagne, en d\u00e9cembre 2018.<\/p>\n<p style=\"text-align: justify;\"><a href=\"https:\/\/www.iesuscaritas.org\/wp-content\/uploads\/2018\/12\/wbnd-dic-2018.jpg\"><img loading=\"lazy\" decoding=\"async\" class=\"aligncenter size-large wp-image-3641\" src=\"https:\/\/www.iesuscaritas.org\/wp-content\/uploads\/2018\/12\/wbnd-dic-2018-1024x640.jpg\" alt=\"\" width=\"678\" height=\"424\" srcset=\"https:\/\/www.iesuscaritas.org\/wp-content\/uploads\/2018\/12\/wbnd-dic-2018-1024x640.jpg 1024w, https:\/\/www.iesuscaritas.org\/wp-content\/uploads\/2018\/12\/wbnd-dic-2018-300x188.jpg 300w, https:\/\/www.iesuscaritas.org\/wp-content\/uploads\/2018\/12\/wbnd-dic-2018-768x480.jpg 768w, https:\/\/www.iesuscaritas.org\/wp-content\/uploads\/2018\/12\/wbnd-dic-2018.jpg 1600w\" sizes=\"auto, (max-width: 678px) 100vw, 678px\" \/><\/a>WBND a d\u00e9j\u00e0 une trajectoire de 13 ans au Burkina Faso, \u00e9tant un r\u00e9f\u00e9rant comme projet \u00e0 l&rsquo;intention des personnes affect\u00e9es par le V.I.H.-Sida, dans cette zone africaine frapp\u00e9e par la pauvret\u00e9, la corruption, l&rsquo;ins\u00e9curit\u00e9&#8230;. 271 adultes et 341 enfants, adolescents et jeunes sont la pr\u00e9occupation de 60 volontaires en Espagne, 7 au Burkina Faso et une \u00e9quipe locale de 5 personnes. \u00ab \u00catre avec, \u00bb accompagner, nous mettre \u00e0 leur place, ne pas rester insensible devant la souffrance d&rsquo;autrui, participer \u00e0 leur joie, ceci est WBND.<\/p>\n<p><a href=\"https:\/\/www.iesuscaritas.org\/wp-content\/uploads\/2018\/12\/Info-WBND-decembre-2018-fr.pdf\" target=\"_blank\" rel=\"noopener\"><img loading=\"lazy\" decoding=\"async\" class=\"aligncenter size-full wp-image-1916\" src=\"https:\/\/www.iesuscaritas.org\/wp-content\/uploads\/2016\/08\/pdf100x100.png\" alt=\"\" width=\"100\" height=\"100\" \/><\/a><\/p>","protected":false},"excerpt":{"rendered":"<p>Rapport de la visite du suivi du projet WEND BE NE DO (WBND) au Burkina Faso, des coop\u00e9rants Carlos LLANO, Andr\u00e9s Pedro MU\u00d1OZ, Alberto HERNANDIS et Aurelio SANZ de la <a class=\"more-link\" href=\"https:\/\/www.iesuscaritas.org\/fr\/documentos\/wend-be-ne-do-burkina-faso-informe-diciembre-2018\/\">Continue Reading &rarr;<\/a><\/p>\n","protected":false},"author":1,"featured_media":0,"comment_status":"open","ping_status":"open","sticky":false,"template":"","format":"standard","meta":{"footnotes":""},"categories":[78],"tags":[],"class_list":["post-3640","post","type-post","status-publish","format-standard","hentry","category-documentos"],"_links":{"self":[{"href":"https:\/\/www.iesuscaritas.org\/fr\/wp-json\/wp\/v2\/posts\/3640","targetHints":{"allow":["GET"]}}],"collection":[{"href":"https:\/\/www.iesuscaritas.org\/fr\/wp-json\/wp\/v2\/posts"}],"about":[{"href":"https:\/\/www.iesuscaritas.org\/fr\/wp-json\/wp\/v2\/types\/post"}],"author":[{"embeddable":true,"href":"https:\/\/www.iesuscaritas.org\/fr\/wp-json\/wp\/v2\/users\/1"}],"replies":[{"embeddable":true,"href":"https:\/\/www.iesuscaritas.org\/fr\/wp-json\/wp\/v2\/comments?post=3640"}],"version-history":[{"count":6,"href":"https:\/\/www.iesuscaritas.org\/fr\/wp-json\/wp\/v2\/posts\/3640\/revisions"}],"predecessor-version":[{"id":3662,"href":"https:\/\/www.iesuscaritas.org\/fr\/wp-json\/wp\/v2\/posts\/3640\/revisions\/3662"}],"wp:attachment":[{"href":"https:\/\/www.iesuscaritas.org\/fr\/wp-json\/wp\/v2\/media?parent=3640"}],"wp:term":[{"taxonomy":"category","embeddable":true,"href":"https:\/\/www.iesuscaritas.org\/fr\/wp-json\/wp\/v2\/categories?post=3640"},{"taxonomy":"post_tag","embeddable":true,"href":"https:\/\/www.iesuscaritas.org\/fr\/wp-json\/wp\/v2\/tags?post=3640"}],"curies":[{"name":"wp","href":"https:\/\/api.w.org\/{rel}","templated":true}]}}