{"id":3559,"date":"2018-11-30T18:23:49","date_gmt":"2018-11-30T17:23:49","guid":{"rendered":"https:\/\/www.iesuscaritas.org\/?p=3559"},"modified":"2019-01-20T18:55:11","modified_gmt":"2019-01-20T17:55:11","slug":"carta-de-adviento-2018-hermano-responsable","status":"publish","type":"post","link":"https:\/\/www.iesuscaritas.org\/fr\/letters\/aurelio-letters\/carta-de-adviento-2018-hermano-responsable\/","title":{"rendered":"Lettre d&rsquo;Avent 2018, fr\u00e8re responsable"},"content":{"rendered":"<p><\/p>\n<p style=\"text-align: justify;\">Chers fr\u00e8res,<\/p>\n<p style=\"text-align: justify;\"><a href=\"https:\/\/www.iesuscaritas.org\/wp-content\/uploads\/2018\/11\/adviento-2018-02.jpg\"><img loading=\"lazy\" decoding=\"async\" class=\"alignright size-full wp-image-3569\" src=\"https:\/\/www.iesuscaritas.org\/wp-content\/uploads\/2018\/11\/adviento-2018-02.jpg\" alt=\"\" width=\"80\" height=\"244\" \/><\/a>en ce jour de la f\u00eate de notre fr\u00e8re Charles nous commen\u00e7ons l&rsquo;Avent\u00a0: ces quatre semaines sont un reflet de l&rsquo;esp\u00e9rance de tous les hommes\u00a0; notre humanit\u00e9\u00a0, dans une crise permanente et principalement humanitaire, nous fait souffrir et notre \u00c9glise ne peut dissimuler cette question, ni rester indiff\u00e9rente. Les c\u00e9l\u00e9brations avec nos communaut\u00e9s, la pri\u00e8re personnelle, la vie en fraternit\u00e9 en proximit\u00e9 avec ceux qui nous entourent ou avec ceux qui sont loin, tout <a href=\"https:\/\/www.iesuscaritas.org\/wp-content\/uploads\/2018\/11\/adviento-2018-01.jpg\"><img loading=\"lazy\" decoding=\"async\" class=\"alignleft size-full wp-image-3568\" src=\"https:\/\/www.iesuscaritas.org\/wp-content\/uploads\/2018\/11\/adviento-2018-01.jpg\" alt=\"\" width=\"259\" height=\"194\" \/><\/a>cela va rythmer notre marche\u00a0; l&rsquo;Avent nous invite \u00e0 \u00e9couter \u00ab\u00a0la voix qui crie dans le d\u00e9sert\u00a0\u00bb, celle de ceux qui clament pour leur survie, leurs d\u00e9sirs de paix, de travail et de libert\u00e9\u00a0; l&rsquo;humanit\u00e9 continue d&rsquo;esp\u00e9rer une lib\u00e9ration\u00a0. Les pauvres qui attendent un salut, ceux qui sont menac\u00e9s par la guerre, les d\u00e9plac\u00e9s cherchant un refuge \u2026. ils sont des millions de personnes dans cette situation. Pour eux aussi J\u00e9sus vient et nous comme missionnaires nous devons l&rsquo;annoncer.<\/p>\n<p style=\"text-align: justify;\">L&rsquo;\u00c9glise vit un moment difficile avec la crise provoqu\u00e9e par la d\u00e9nonciation des abus envers les mineurs, et le Pape Fran\u00e7ois y fait front avec humilit\u00e9 et courage face \u00e0 tous\u00a0; ceci est un t\u00e9moignage d&rsquo;une recherche de la v\u00e9rit\u00e9 et le Pape aussi est t\u00e9moin de la v\u00e9rit\u00e9.<\/p>\n<p style=\"text-align: justify;\">Nous sommes en train de pr\u00e9parer notre assembl\u00e9e mondiale de 2019. Nous sommes appel\u00e9s \u00e0 r\u00e9fl\u00e9chir sur notre identit\u00e9 de pr\u00eatres dioc\u00e9sains missionnaires \u00e0 la lumi\u00e8re du charisme de Fr\u00e8re Charles. Il est n\u00e9cessaire pour nous tous d&rsquo;aider les responsables r\u00e9gionaux, de prier pour tous les fr\u00e8res, pour les fraternit\u00e9s qui commencent et pour celles qui vieillissent.<\/p>\n<h2 style=\"text-align: justify;\">UNE HUMANIT\u00c9 EN CRISE<\/h2>\n<p style=\"text-align: justify;\"><a href=\"https:\/\/www.iesuscaritas.org\/wp-content\/uploads\/2018\/11\/adviento-2018-03.jpg\"><img loading=\"lazy\" decoding=\"async\" class=\"alignright size-medium wp-image-3570\" src=\"https:\/\/www.iesuscaritas.org\/wp-content\/uploads\/2018\/11\/adviento-2018-03-300x169.jpg\" alt=\"\" width=\"300\" height=\"169\" srcset=\"https:\/\/www.iesuscaritas.org\/wp-content\/uploads\/2018\/11\/adviento-2018-03-300x169.jpg 300w, https:\/\/www.iesuscaritas.org\/wp-content\/uploads\/2018\/11\/adviento-2018-03-768x432.jpg 768w, https:\/\/www.iesuscaritas.org\/wp-content\/uploads\/2018\/11\/adviento-2018-03-1024x576.jpg 1024w, https:\/\/www.iesuscaritas.org\/wp-content\/uploads\/2018\/11\/adviento-2018-03.jpg 1200w\" sizes=\"auto, (max-width: 300px) 100vw, 300px\" \/><\/a>Tous les jours nous recevons de mauvaises nouvelles d&rsquo;hommes, de femmes, d&rsquo;enfants, de jeunes et d&rsquo;ain\u00e9s qui souffrent pour des causes qui ne sont pas toujours claires. Nous savons qu&rsquo;elles d\u00e9pendent souvent d&rsquo;int\u00e9r\u00eats cach\u00e9s de puissances \u00e9conomiques et de gouvernements qui dissimulent ces r\u00e9alit\u00e9s. M\u00eame les pays du premier monde. Les victimes des guerres, de la violence, du narcotrafic, du sexisme et de la pauvret\u00e9 crient dans ce d\u00e9sert o\u00f9 d&rsquo;autres voix demandent justice. Voix qui se m\u00e9langent parfois \u00e0 celles qui demandent vengeance, ou qui disent\u00a0: \u00ab\u00a0ils ne passeront pas, qu&rsquo;ils retournent dans leur pays.\u00a0\u00bb Nous aussi nous avons une voix , la voix de J\u00e9sus annonc\u00e9e par les proph\u00e8tes. Une voix qui doit na\u00eetre de notre foi, de notre vocation missionnaire, dans le style de Nazareth qui est\u00a0: \u00eatre avec les gens de notre ville ou village, avec les plus humbles d&rsquo;entre eux, car seuls les pauvres nous apprennent \u00e0 \u00eatre humble. Le fr\u00e8re Charles d\u00e9couvrit J\u00e9sus au milieu des gens simples\u00a0: imitons le.<\/p>\n<h2 style=\"text-align: justify;\">UN AVENT QUI NOUS INVITE \u00c0 \u00caTRE R\u00c9CEPTIFS<\/h2>\n<p style=\"text-align: justify;\">Ce temps de l&rsquo;avent est une invitation \u00e0 \u00e9couter, \u00e0 prendre du temps et dans une attitude comtemplative \u00e0 \u00eatre \u00e0 l&rsquo;\u00e9coute de la Parole, \u00e0 adorer Dieu dans le silence et \u00e0 \u00e9couter les <a href=\"https:\/\/www.iesuscaritas.org\/wp-content\/uploads\/2018\/11\/adviento-2018-04.jpg\"><img loading=\"lazy\" decoding=\"async\" class=\"alignleft size-medium wp-image-3571\" src=\"https:\/\/www.iesuscaritas.org\/wp-content\/uploads\/2018\/11\/adviento-2018-04-300x101.jpg\" alt=\"\" width=\"300\" height=\"101\" srcset=\"https:\/\/www.iesuscaritas.org\/wp-content\/uploads\/2018\/11\/adviento-2018-04-300x101.jpg 300w, https:\/\/www.iesuscaritas.org\/wp-content\/uploads\/2018\/11\/adviento-2018-04-768x259.jpg 768w, https:\/\/www.iesuscaritas.org\/wp-content\/uploads\/2018\/11\/adviento-2018-04.jpg 897w\" sizes=\"auto, (max-width: 300px) 100vw, 300px\" \/><\/a>fr\u00e8res\u00a0: ceux de la fraternit\u00e9, les pr\u00eatres dioc\u00e9sains que parfois nous avons tant de mal \u00e0 \u00e9couter et \u00e0 accepter, tant les pr\u00e9jug\u00e9s tuent le dialogue et la rencontre\u00a0; \u00e9couter aussi les gens qui viennent \u00e0 nous ou bien ceux qui travaillent avec nous dans la pastorale, dans le social, ou qui simplement sont nos voisins. Ouvrons la porte accueillons-les sans nous contenter de bons conseils ou de paroles faciles. Montrer notre pauvret\u00e9, notre incapacit\u00e9 \u00e0 arranger \u00ab\u00a0les machines cass\u00e9es\u00a0\u00bb, les c\u0153urs bless\u00e9s, c&rsquo;est laisser Dieu agir. Il est le seul indispensable, oui, il gu\u00e9rit. J\u00e9sus est attentif \u00e0 tous et il nous invite \u00e0 ouvrir notre c\u0153ur et \u00e0 nous laisser innonder par l\u00a0&lsquo;amour de Dieu et l&rsquo;amour des gens. Nous retrouverons la joie de suivre J\u00e9sus et aiderons beaucoup de gens \u00e0 transformer leur \u00e9chec en triomphe et \u00e0 s&rsquo;aimer eux m\u00eames un peu plus.<\/p>\n<h2 style=\"text-align: justify;\">UNE \u00c9GLISE QUI SOUFFRE<\/h2>\n<p style=\"text-align: justify;\"><a href=\"https:\/\/www.iesuscaritas.org\/wp-content\/uploads\/2018\/11\/adviento-2018-05.jpg\"><img loading=\"lazy\" decoding=\"async\" class=\"alignright size-medium wp-image-3572\" src=\"https:\/\/www.iesuscaritas.org\/wp-content\/uploads\/2018\/11\/adviento-2018-05-300x198.jpg\" alt=\"\" width=\"300\" height=\"198\" srcset=\"https:\/\/www.iesuscaritas.org\/wp-content\/uploads\/2018\/11\/adviento-2018-05-300x198.jpg 300w, https:\/\/www.iesuscaritas.org\/wp-content\/uploads\/2018\/11\/adviento-2018-05-768x507.jpg 768w, https:\/\/www.iesuscaritas.org\/wp-content\/uploads\/2018\/11\/adviento-2018-05.jpg 800w\" sizes=\"auto, (max-width: 300px) 100vw, 300px\" \/><\/a>Nous souffrons des cons\u00e8quences des abus envers des mineurs dissimul\u00e9s dans beaucoup de dioc\u00e8ses du monde. L&rsquo;\u00c9glise perd en cr\u00e9dibilit\u00e9&#8230;.Nous pourrions dire que cela \u00e0 toujours \u00e9t\u00e9 ainsi, que cela est in\u00e9vitable&#8230;Mais nous ne serions pas fid\u00e8les \u00e0 la v\u00e9rit\u00e9. Cette crise est loin d&rsquo;\u00eatre termin\u00e9e. Notre Pape Fran\u00e7ois souffre beaucoup et affronte la situation en demandant pardon au nom des coupables, \u00e9coutant, cherchant une solution \u00e9quitable pour les victimes\u00a0;en cela notre Pape m\u00e9rite tout notre appui. Restons en communion avec lui, sachant qu&rsquo;il a des ennemis dans sa propre \u00c9glise, mais aussi le soutien de beaucoup de gens (croyants ou non) qui voient en lui un proph\u00e8te de notre temps, un homme coh\u00e9rent qui bien que \u00ab\u00a0chef d&rsquo;\u00e9tat\u00a0\u00bb est un homme sensible aux souffrances de l&rsquo;humanit\u00e9. Je suis s\u00fbr que de cette crise, r\u00e9sultera quelque chose de bon. Par notre pri\u00e8re entrons en fraternit\u00e9 avec lui.<\/p>\n<h2 style=\"text-align: justify;\">LE 1er D\u00c9CEMBRE<\/h2>\n<p style=\"text-align: justify;\"><a href=\"https:\/\/www.iesuscaritas.org\/wp-content\/uploads\/2018\/11\/adviento-2018-06.jpg\"><img loading=\"lazy\" decoding=\"async\" class=\"alignright size-medium wp-image-3581\" src=\"https:\/\/www.iesuscaritas.org\/wp-content\/uploads\/2018\/11\/adviento-2018-06-300x225.jpg\" alt=\"\" width=\"300\" height=\"225\" srcset=\"https:\/\/www.iesuscaritas.org\/wp-content\/uploads\/2018\/11\/adviento-2018-06-300x225.jpg 300w, https:\/\/www.iesuscaritas.org\/wp-content\/uploads\/2018\/11\/adviento-2018-06.jpg 709w\" sizes=\"auto, (max-width: 300px) 100vw, 300px\" \/><\/a>Il y a 102 ans Charles de FOUCAULD s&rsquo;est remis d\u00e9finitivement dans les mains du P\u00e8re. C&rsquo;est un jour pour remercier Dieu pour lui, pour ce qu&rsquo;il nous a transmis comme intuitions, pour la mission qu&rsquo;il a r\u00e9alis\u00e9e, pour ses r\u00eaves un peu fous\u00a0; Le fr\u00e8re Charles nous a aid\u00e9s dans notre vocation et notre spiritualit\u00e9, \u00e0 vivre l&rsquo;amiti\u00e9 avec J\u00e9sus et avec les gens dans le petit Nazareth que chacun vit, avec son \u00e2ge et envie de vivre, dans le silence et dans le t\u00e9moignage. C&rsquo;est un cadeau de Dieu qui m\u00e9rite continuellement notre action de gr\u00e2ce. Mettons dans notre adoration de ce jour tout ce que nous a l\u00e9gu\u00e9 le fr\u00e8re Charles\u00a0, pas tant par ses \u00e9crits spirituels que par son t\u00e9moignage de vie, d&rsquo;amour, d&rsquo;abandon, de confiance et de g\u00e9n\u00e9rosit\u00e9. Redisons la pri\u00e8re d&rsquo;abandon m\u00eame si nous avons du mal \u00e0 la faire totalement n\u00f4tre.<\/p>\n<h2 style=\"text-align: justify;\">NOTRE ASSEMBL\u00c9E MONDIALE<\/h2>\n<p style=\"text-align: justify;\">Du 15 au 30 janvier 2019 aura lieu notre assembl\u00e9e \u00e0 C\u00e9bu aux Philippines. Le th\u00e8me central est d&rsquo;approfondir notre \u00eatre de pr\u00eatre dioc\u00e9sain missionnaire \u00e0 la lumi\u00e8re du charisme de fr\u00e8re Charles\u00a0; Tout ce qui concerne l&rsquo;assembl\u00e9e est mentionn\u00e9 sur le site\u00a0: iesuscaritas.org<\/p>\n<p style=\"text-align: justify;\"><a href=\"https:\/\/www.iesuscaritas.org\/wp-content\/uploads\/2018\/11\/adviento-2018-07.jpg\"><img loading=\"lazy\" decoding=\"async\" class=\"alignleft wp-image-3574\" src=\"https:\/\/www.iesuscaritas.org\/wp-content\/uploads\/2018\/11\/adviento-2018-07.jpg\" alt=\"\" width=\"143\" height=\"170\" \/><\/a>A la barre verte de la page d&rsquo;accueil on trouve le questionnaire de pr\u00e9paration, le programme de l&rsquo;assembl\u00e9e, la feuille d&rsquo;inscription&#8230; Pour l&rsquo;instant nous avons re\u00e7u peu d&rsquo;inscription et seulement un continent (Am\u00e9rique) a pr\u00e9sent\u00e9 les r\u00e9ponses au questionnaire, ainsi que certaines fraternit\u00e9s r\u00e9gionales. D\u00e8s maintenant assumons ce travail. Courage\u00a0! Je sais que beaucoup sont tr\u00e8s occup\u00e9s, mais faisons un effort. Avec joie je re\u00e7ois vos envois.<\/p>\n<p style=\"text-align: justify;\">A l&rsquo;assembl\u00e9e viendront tous les responsables r\u00e9gionaux ou d\u00e9l\u00e9gu\u00e9s, les anciens responsables internationaux et les responsables continentaux. Certains fr\u00e8res ont du mal \u00e0 payer leur voyage\u00a0; la fraternit\u00e9 mondiale s&rsquo;en charge dans la mesure du possible, mais pour l&rsquo;instant c&rsquo;est difficile de r\u00e9pondre \u00e0 tous ces besoins. Certaines fraternit\u00e9s d&rsquo;Europe et d&rsquo;Am\u00e9rique ont r\u00e9pondu en payant le billet d&rsquo;un fr\u00e8re d&rsquo;Afrique ou d&rsquo;Am\u00e9rique&#8230;Merci. Je vous demande d&rsquo;aider les fr\u00e8res de Ha\u00efti, Burkina Faso, Centrafrique, Tchad, Congo, Cameroun, Madagascar, Pakistan, Inde et Bengladesh qui n&rsquo;ont pas encore leur billet d&rsquo;avion. C&rsquo;est un effort important pour le succ\u00e9s de notre assembl\u00e9e. Nous \u00e9lirons notre prochain responsable international et son \u00e9quipe qui, je suis s\u00fbr, nous aiderons \u00e0 faire fraternit\u00e9 \u00e0 partir de nos r\u00e9alit\u00e9s et de nos r\u00eaves.<\/p>\n<h2 style=\"text-align: justify;\">EN MARCHE VERS N\u00d6EL<\/h2>\n<p style=\"text-align: justify;\"><a href=\"https:\/\/www.iesuscaritas.org\/wp-content\/uploads\/2018\/11\/adviento-2018-08.jpg\"><img loading=\"lazy\" decoding=\"async\" class=\"alignleft size-medium wp-image-3575\" src=\"https:\/\/www.iesuscaritas.org\/wp-content\/uploads\/2018\/11\/adviento-2018-08-300x199.jpg\" alt=\"\" width=\"300\" height=\"199\" srcset=\"https:\/\/www.iesuscaritas.org\/wp-content\/uploads\/2018\/11\/adviento-2018-08-300x199.jpg 300w, https:\/\/www.iesuscaritas.org\/wp-content\/uploads\/2018\/11\/adviento-2018-08.jpg 720w\" sizes=\"auto, (max-width: 300px) 100vw, 300px\" \/><\/a>Nous chercherons \u00e0 donner la meilleure place de notre vie \u00e0 celui qui arrive pour rester. Les anges ont annonc\u00e9 aux bergers la bonne nouvelle et nous annoncent beaucoup de joies. Il y a des anges qui nous appelent \u00e0 la porte ou par t\u00e9l\u00e9phone ou dans la rue et qui nous disent parfois sans le savoir, que Dieu est proche de nous. Il y a des visages qui nous font voir J\u00e9sus \u00e0 l&rsquo;h\u00f4pital, en prison, dans les lieux d&rsquo;accueil de r\u00e9fugi\u00e9s. Anges dans la personne des malades ou des anciens qui ont beaucoup donn\u00e9 pour l&rsquo;\u00c9glise, pour la fraternit\u00e9, pour les pauvres. Visages de personnes anonymes qui font le bien sans rien attendre en retour. Les anges, des gens simples dans nos paroisses, qui nous aident dans la pastorale ou par leur pr\u00e9sence dans nos c\u00e9l\u00e9brations, ou qui nous offre le meilleur d&rsquo;eux-m\u00eames par leur proximit\u00e9 et amiti\u00e9. Ce sont des anges sans ailes, dont la voix r\u00e9sonne.<\/p>\n<p style=\"text-align: justify;\">Avec cette esp\u00e9rance d&rsquo;un monde meilleur, d&rsquo;une \u00c9glise lib\u00e9r\u00e9e des tristesses du pass\u00e9, d&rsquo;une fraternit\u00e9 de fr\u00e8res au service du royaume, d&rsquo;un monde renouvel\u00e9 par des efforts de paix et d&rsquo;\u00e9galit\u00e9, je vous souhaite un No\u00ebl rempli de Dieu et de J\u00e9sus, notre fr\u00e8re et ami. Un grand abrazo.<\/p>\n<p style=\"text-align: justify;\"><a href=\"https:\/\/www.iesuscaritas.org\/wp-content\/uploads\/2018\/11\/adviento-2018-09.jpg\"><img loading=\"lazy\" decoding=\"async\" class=\"alignright wp-image-3576\" src=\"https:\/\/www.iesuscaritas.org\/wp-content\/uploads\/2018\/11\/adviento-2018-09-273x300.jpg\" alt=\"\" width=\"137\" height=\"150\" srcset=\"https:\/\/www.iesuscaritas.org\/wp-content\/uploads\/2018\/11\/adviento-2018-09-273x300.jpg 273w, https:\/\/www.iesuscaritas.org\/wp-content\/uploads\/2018\/11\/adviento-2018-09.jpg 401w\" sizes=\"auto, (max-width: 137px) 100vw, 137px\" \/><\/a>Aurelio SANZ BAEZA, fr\u00e8re responsable<\/p>\n<p style=\"text-align: justify;\">Per\u00edn, Carthag\u00e8ne, Murcia, Espagne, 1 d\u00e9cembre 2018,<br \/>\nf\u00eate du bienheureux Charles de FOUCAULD<\/p>\n<p style=\"text-align: justify;\">(Merci bien, Jean-Louis RATTIER, par la traduction au fran\u00e7ais)<\/p>\n<p>PDF: <a href=\"https:\/\/www.iesuscaritas.org\/wp-content\/uploads\/2018\/11\/Lettre-dAvent-2018-fr\u00e8re-responsable-fr.pdf\">Lettre d&rsquo;Avent 2018, fr\u00e8re responsable, fr<\/a><\/p>","protected":false},"excerpt":{"rendered":"<p>Chers fr\u00e8res, en ce jour de la f\u00eate de notre fr\u00e8re Charles nous commen\u00e7ons l&rsquo;Avent\u00a0: ces quatre semaines sont un reflet de l&rsquo;esp\u00e9rance de tous les hommes\u00a0; notre humanit\u00e9\u00a0, dans <a class=\"more-link\" href=\"https:\/\/www.iesuscaritas.org\/fr\/letters\/aurelio-letters\/carta-de-adviento-2018-hermano-responsable\/\">Continue Reading &rarr;<\/a><\/p>\n","protected":false},"author":1,"featured_media":0,"comment_status":"open","ping_status":"open","sticky":false,"template":"","format":"standard","meta":{"footnotes":""},"categories":[5],"tags":[],"class_list":["post-3559","post","type-post","status-publish","format-standard","hentry","category-aurelio-letters"],"_links":{"self":[{"href":"https:\/\/www.iesuscaritas.org\/fr\/wp-json\/wp\/v2\/posts\/3559","targetHints":{"allow":["GET"]}}],"collection":[{"href":"https:\/\/www.iesuscaritas.org\/fr\/wp-json\/wp\/v2\/posts"}],"about":[{"href":"https:\/\/www.iesuscaritas.org\/fr\/wp-json\/wp\/v2\/types\/post"}],"author":[{"embeddable":true,"href":"https:\/\/www.iesuscaritas.org\/fr\/wp-json\/wp\/v2\/users\/1"}],"replies":[{"embeddable":true,"href":"https:\/\/www.iesuscaritas.org\/fr\/wp-json\/wp\/v2\/comments?post=3559"}],"version-history":[{"count":12,"href":"https:\/\/www.iesuscaritas.org\/fr\/wp-json\/wp\/v2\/posts\/3559\/revisions"}],"predecessor-version":[{"id":3591,"href":"https:\/\/www.iesuscaritas.org\/fr\/wp-json\/wp\/v2\/posts\/3559\/revisions\/3591"}],"wp:attachment":[{"href":"https:\/\/www.iesuscaritas.org\/fr\/wp-json\/wp\/v2\/media?parent=3559"}],"wp:term":[{"taxonomy":"category","embeddable":true,"href":"https:\/\/www.iesuscaritas.org\/fr\/wp-json\/wp\/v2\/categories?post=3559"},{"taxonomy":"post_tag","embeddable":true,"href":"https:\/\/www.iesuscaritas.org\/fr\/wp-json\/wp\/v2\/tags?post=3559"}],"curies":[{"name":"wp","href":"https:\/\/api.w.org\/{rel}","templated":true}]}}