{"id":3554,"date":"2018-11-23T22:48:14","date_gmt":"2018-11-23T21:48:14","guid":{"rendered":"https:\/\/www.iesuscaritas.org\/?p=3554"},"modified":"2018-11-25T20:53:44","modified_gmt":"2018-11-25T19:53:44","slug":"francais-mgr-paul-desfarges-19-martyrs-algeriens","status":"publish","type":"post","link":"https:\/\/www.iesuscaritas.org\/fr\/documentos\/francais-mgr-paul-desfarges-19-martyrs-algeriens\/","title":{"rendered":"Mgr Paul DESFARGES: 19 martyrs alg\u00e9riens"},"content":{"rendered":"<p><\/p>\n<p style=\"text-align: justify;\"><a href=\"https:\/\/www.iesuscaritas.org\/wp-content\/uploads\/2018\/11\/20181125_204925.jpg\"><img loading=\"lazy\" decoding=\"async\" class=\"aligncenter size-full wp-image-3555\" src=\"https:\/\/www.iesuscaritas.org\/wp-content\/uploads\/2018\/11\/20181125_204925.jpg\" alt=\"\" width=\"757\" height=\"757\" srcset=\"https:\/\/www.iesuscaritas.org\/wp-content\/uploads\/2018\/11\/20181125_204925.jpg 757w, https:\/\/www.iesuscaritas.org\/wp-content\/uploads\/2018\/11\/20181125_204925-150x150.jpg 150w, https:\/\/www.iesuscaritas.org\/wp-content\/uploads\/2018\/11\/20181125_204925-300x300.jpg 300w\" sizes=\"auto, (max-width: 757px) 100vw, 757px\" \/><\/a>L\u2019\u00c9glise offre \u00e0 notre \u00c9glise et \u00e0 notre monde, dix-neuf de nos fr\u00e8res et s\u0153urs comme mod\u00e8les pour notre vie de disciple aujourd\u2019hui et demain. Bienheureux, ils sont en avant de nous sur le chemin du t\u00e9moignage que notre \u00c9glise est appel\u00e9e \u00e0 rendre sur cette terre d\u2019Alg\u00e9rie qui depuis le premier si\u00e8cle a \u00e9t\u00e9 irrigu\u00e9e du sang des martyrs. Nous pouvons maintenant demander leur intercession. Car, bienheureux, ils continuent leur mission, associ\u00e9s plus que jamais \u00e0 l\u2019\u0153uvre du Seigneur dont l\u2019Esprit travaille sans cesse dans les c\u0153urs. Nous pouvons recevoir leur b\u00e9atification comme une confirmation de la vocation de notre \u00c9glise \u00e0 \u00eatre, comme nous le demandait le Saint P\u00e8re (Visite Ad Limina mars 2015), \u00ab\u00a0sacrement de la charit\u00e9 du Christ\u00a0\u00bb pour tout le peuple o\u00f9 elle est plant\u00e9e.<\/p>\n<p><em>Pour t\u00e9l\u00e9charger le document complet, cliquez sur l&rsquo;ic\u00f4ne suivante (PDF)<\/em><\/p>\n<p><a href=\"https:\/\/www.iesuscaritas.org\/wp-content\/uploads\/2018\/11\/2018-Lettre-pastorale.-La-be\u0301atification.pdf\"><img loading=\"lazy\" decoding=\"async\" class=\"aligncenter size-full wp-image-1916\" src=\"https:\/\/www.iesuscaritas.org\/wp-content\/uploads\/2016\/08\/pdf100x100.png\" alt=\"\" width=\"100\" height=\"100\" \/><\/a><\/p>","protected":false},"excerpt":{"rendered":"<p>L\u2019\u00c9glise offre \u00e0 notre \u00c9glise et \u00e0 notre monde, dix-neuf de nos fr\u00e8res et s\u0153urs comme mod\u00e8les pour notre vie de disciple aujourd\u2019hui et demain. Bienheureux, ils sont en avant <a class=\"more-link\" href=\"https:\/\/www.iesuscaritas.org\/fr\/documentos\/francais-mgr-paul-desfarges-19-martyrs-algeriens\/\">Continue Reading &rarr;<\/a><\/p>\n","protected":false},"author":1,"featured_media":0,"comment_status":"open","ping_status":"open","sticky":false,"template":"","format":"standard","meta":{"footnotes":""},"categories":[78],"tags":[],"class_list":["post-3554","post","type-post","status-publish","format-standard","hentry","category-documentos"],"_links":{"self":[{"href":"https:\/\/www.iesuscaritas.org\/fr\/wp-json\/wp\/v2\/posts\/3554","targetHints":{"allow":["GET"]}}],"collection":[{"href":"https:\/\/www.iesuscaritas.org\/fr\/wp-json\/wp\/v2\/posts"}],"about":[{"href":"https:\/\/www.iesuscaritas.org\/fr\/wp-json\/wp\/v2\/types\/post"}],"author":[{"embeddable":true,"href":"https:\/\/www.iesuscaritas.org\/fr\/wp-json\/wp\/v2\/users\/1"}],"replies":[{"embeddable":true,"href":"https:\/\/www.iesuscaritas.org\/fr\/wp-json\/wp\/v2\/comments?post=3554"}],"version-history":[{"count":1,"href":"https:\/\/www.iesuscaritas.org\/fr\/wp-json\/wp\/v2\/posts\/3554\/revisions"}],"predecessor-version":[{"id":3557,"href":"https:\/\/www.iesuscaritas.org\/fr\/wp-json\/wp\/v2\/posts\/3554\/revisions\/3557"}],"wp:attachment":[{"href":"https:\/\/www.iesuscaritas.org\/fr\/wp-json\/wp\/v2\/media?parent=3554"}],"wp:term":[{"taxonomy":"category","embeddable":true,"href":"https:\/\/www.iesuscaritas.org\/fr\/wp-json\/wp\/v2\/categories?post=3554"},{"taxonomy":"post_tag","embeddable":true,"href":"https:\/\/www.iesuscaritas.org\/fr\/wp-json\/wp\/v2\/tags?post=3554"}],"curies":[{"name":"wp","href":"https:\/\/api.w.org\/{rel}","templated":true}]}}