{"id":3532,"date":"2018-11-03T19:59:17","date_gmt":"2018-11-03T18:59:17","guid":{"rendered":"https:\/\/www.iesuscaritas.org\/?p=3532"},"modified":"2018-11-10T19:16:22","modified_gmt":"2018-11-10T18:16:22","slug":"francais-lettre-aux-amis-de-quebec-jean-pierre-langlois","status":"publish","type":"post","link":"https:\/\/www.iesuscaritas.org\/fr\/letters\/francais-lettre-aux-amis-de-quebec-jean-pierre-langlois\/","title":{"rendered":"Lettre aux amis de Qu\u00e9bec. Jean-Pierre LANGLOIS"},"content":{"rendered":"<p><\/p>\n<p style=\"text-align: justify;\">Je conclus pratiquement ce soir un beau marathon. J\u2019ai eu le bonheur d\u2019accompagner 2\u00a0 groupes de visiteurs-amis du Qu\u00e9bec depuis le d\u00e9but septembre jusqu\u2019\u00e0 maintenant. Je n\u2019ai pas vu le temps passer.<\/p>\n<p style=\"text-align: justify;\">L\u2019exp\u00e9rience nous aura tous enrichis, c\u2019est certain. J\u2019ai d\u00e9couvert \u00e0 travers les yeux curieux et souvent \u00e9merveill\u00e9s de mes compagnons de voyage ce pays de l\u2019Alg\u00e9rie dans lequel je vis mon minist\u00e8re depuis d\u00e9j\u00e0 2 ans. Bien s\u00fbr, il y avait Tamanrasset o\u00f9 j\u2019habite et l\u2019Assekrem, ce chaos min\u00e9ral d\u2019une grande splendeur, encore plus spectaculaire parce qu\u2019il s\u2019est montr\u00e9 fleuri cette fois-ci, mais aussi Alger la blanche capitale et pour certains Oran o\u00f9 se vivra la b\u00e9atification des 19 martyrs assassin\u00e9s dans les ann\u00e9es \u201890 sur place.<\/p>\n<p>Lire tout le document (PDF) :\u00a0<a href=\"https:\/\/www.iesuscaritas.org\/wp-content\/uploads\/2018\/11\/29.-Lettre-ouverte-\u00e0-mes-amis-du-Qu\u00e9bec.18.pdf\">29. Lettre ouverte \u00e0 mes amis du Qu\u00e9bec.18<\/a><\/p>","protected":false},"excerpt":{"rendered":"<p>Je conclus pratiquement ce soir un beau marathon. J\u2019ai eu le bonheur d\u2019accompagner 2\u00a0 groupes de visiteurs-amis du Qu\u00e9bec depuis le d\u00e9but septembre jusqu\u2019\u00e0 maintenant. Je n\u2019ai pas vu le <a class=\"more-link\" href=\"https:\/\/www.iesuscaritas.org\/fr\/letters\/francais-lettre-aux-amis-de-quebec-jean-pierre-langlois\/\">Continue Reading &rarr;<\/a><\/p>\n","protected":false},"author":1,"featured_media":0,"comment_status":"open","ping_status":"open","sticky":false,"template":"","format":"standard","meta":{"footnotes":""},"categories":[3],"tags":[],"class_list":["post-3532","post","type-post","status-publish","format-standard","hentry","category-letters"],"_links":{"self":[{"href":"https:\/\/www.iesuscaritas.org\/fr\/wp-json\/wp\/v2\/posts\/3532","targetHints":{"allow":["GET"]}}],"collection":[{"href":"https:\/\/www.iesuscaritas.org\/fr\/wp-json\/wp\/v2\/posts"}],"about":[{"href":"https:\/\/www.iesuscaritas.org\/fr\/wp-json\/wp\/v2\/types\/post"}],"author":[{"embeddable":true,"href":"https:\/\/www.iesuscaritas.org\/fr\/wp-json\/wp\/v2\/users\/1"}],"replies":[{"embeddable":true,"href":"https:\/\/www.iesuscaritas.org\/fr\/wp-json\/wp\/v2\/comments?post=3532"}],"version-history":[{"count":3,"href":"https:\/\/www.iesuscaritas.org\/fr\/wp-json\/wp\/v2\/posts\/3532\/revisions"}],"predecessor-version":[{"id":3541,"href":"https:\/\/www.iesuscaritas.org\/fr\/wp-json\/wp\/v2\/posts\/3532\/revisions\/3541"}],"wp:attachment":[{"href":"https:\/\/www.iesuscaritas.org\/fr\/wp-json\/wp\/v2\/media?parent=3532"}],"wp:term":[{"taxonomy":"category","embeddable":true,"href":"https:\/\/www.iesuscaritas.org\/fr\/wp-json\/wp\/v2\/categories?post=3532"},{"taxonomy":"post_tag","embeddable":true,"href":"https:\/\/www.iesuscaritas.org\/fr\/wp-json\/wp\/v2\/tags?post=3532"}],"curies":[{"name":"wp","href":"https:\/\/api.w.org\/{rel}","templated":true}]}}