{"id":3421,"date":"2018-08-25T17:10:02","date_gmt":"2018-08-25T15:10:02","guid":{"rendered":"https:\/\/www.iesuscaritas.org\/?p=3421"},"modified":"2018-08-28T17:15:09","modified_gmt":"2018-08-28T15:15:09","slug":"francais-la-paque-de-la-petite-soeur-annie-de-jesus","status":"publish","type":"post","link":"https:\/\/www.iesuscaritas.org\/fr\/news\/francais-la-paque-de-la-petite-soeur-annie-de-jesus\/","title":{"rendered":"La P\u00e2que de la petite soeur Annie de J\u00e9sus"},"content":{"rendered":"<p><strong>Merci de communiquer \u00e0 toutes<\/strong><\/p>\n<p style=\"text-align: right;\">Rome, le 23 ao\u00fbt 2018<\/p>\n<p style=\"text-align: center;\">Petite s\u0153ur Annie a \u00e9t\u00e9 et restera un tr\u00e8s grand don fait \u00e0 toute la Fraternit\u00e9.<\/p>\n<p style=\"text-align: center;\">Aujourd\u2019hui son \u00ab\u00a0Heure\u00a0\u00bb est arriv\u00e9e de rejoindre Celui qu\u2019elle a suivi et annonc\u00e9 par toute sa vie\u00a0!<\/p>\n<p style=\"text-align: center;\">Petite s\u0153ur Annie de J\u00e9sus<\/p>\n<p style=\"text-align: center;\">est d\u00e9c\u00e9d\u00e9e ce 23 ao\u00fbt, \u00e0 2 heures du matin, au Tubet.<\/p>\n<p style=\"text-align: center;\">Pte sr Dorinha, accompagn\u00e9e de quelques petites soeurs, se rendra \u00e0 la c\u00e9l\u00e9bration des fun\u00e9railles, au Tubet (Pin\u00e8de).<\/p>\n<p style=\"text-align: right;\">Le secr\u00e9tariat g\u00e9n\u00e9ral<\/p>\n<p style=\"text-align: center;\"><a href=\"https:\/\/www.iesuscaritas.org\/wp-content\/uploads\/2018\/08\/annie.jpg\"><img loading=\"lazy\" decoding=\"async\" class=\"aligncenter size-medium wp-image-3422\" src=\"https:\/\/www.iesuscaritas.org\/wp-content\/uploads\/2018\/08\/annie-226x300.jpg\" alt=\"\" width=\"226\" height=\"300\" srcset=\"https:\/\/www.iesuscaritas.org\/wp-content\/uploads\/2018\/08\/annie-226x300.jpg 226w, https:\/\/www.iesuscaritas.org\/wp-content\/uploads\/2018\/08\/annie.jpg 666w\" sizes=\"auto, (max-width: 226px) 100vw, 226px\" \/><\/a>27-05-1928 \u2013 23-08-2018<\/p>\n<p style=\"text-align: center;\">Little sister Annie was, and always will be, a great gift for the entire Community.<\/p>\n<p style=\"text-align: center;\">Today her \u201cHour\u201d came to meet Him whom she followed and proclaimed with her whole life!<\/p>\n<p style=\"text-align: center;\">Little Sister Annie of Jesus<\/p>\n<p style=\"text-align: center;\">died August 23rd at 2am at the Tubet.<\/p>\n<p style=\"text-align: center;\">Little sister Dorinha and several other little sisters will attend her funeral celebration at the Tubet (Pinede).<\/p>\n<p style=\"text-align: right;\">the general secretariat<\/p>\n<p>&nbsp;<\/p>\n<p>PDF: <a href=\"https:\/\/www.iesuscaritas.org\/wp-content\/uploads\/2018\/08\/Annonce-de-d\u00e9c\u00e8s-ps-Annie.pdf\">Annonce de d\u00e9c\u00e8s ps Annie<\/a><\/p>","protected":false},"excerpt":{"rendered":"<p>Merci de communiquer \u00e0 toutes Rome, le 23 ao\u00fbt 2018 Petite s\u0153ur Annie a \u00e9t\u00e9 et restera un tr\u00e8s grand don fait \u00e0 toute la Fraternit\u00e9. Aujourd\u2019hui son \u00ab\u00a0Heure\u00a0\u00bb est <a class=\"more-link\" href=\"https:\/\/www.iesuscaritas.org\/fr\/news\/francais-la-paque-de-la-petite-soeur-annie-de-jesus\/\">Continue Reading &rarr;<\/a><\/p>\n","protected":false},"author":1,"featured_media":0,"comment_status":"open","ping_status":"open","sticky":false,"template":"","format":"standard","meta":{"footnotes":""},"categories":[1],"tags":[],"class_list":["post-3421","post","type-post","status-publish","format-standard","hentry","category-news"],"_links":{"self":[{"href":"https:\/\/www.iesuscaritas.org\/fr\/wp-json\/wp\/v2\/posts\/3421","targetHints":{"allow":["GET"]}}],"collection":[{"href":"https:\/\/www.iesuscaritas.org\/fr\/wp-json\/wp\/v2\/posts"}],"about":[{"href":"https:\/\/www.iesuscaritas.org\/fr\/wp-json\/wp\/v2\/types\/post"}],"author":[{"embeddable":true,"href":"https:\/\/www.iesuscaritas.org\/fr\/wp-json\/wp\/v2\/users\/1"}],"replies":[{"embeddable":true,"href":"https:\/\/www.iesuscaritas.org\/fr\/wp-json\/wp\/v2\/comments?post=3421"}],"version-history":[{"count":2,"href":"https:\/\/www.iesuscaritas.org\/fr\/wp-json\/wp\/v2\/posts\/3421\/revisions"}],"predecessor-version":[{"id":3425,"href":"https:\/\/www.iesuscaritas.org\/fr\/wp-json\/wp\/v2\/posts\/3421\/revisions\/3425"}],"wp:attachment":[{"href":"https:\/\/www.iesuscaritas.org\/fr\/wp-json\/wp\/v2\/media?parent=3421"}],"wp:term":[{"taxonomy":"category","embeddable":true,"href":"https:\/\/www.iesuscaritas.org\/fr\/wp-json\/wp\/v2\/categories?post=3421"},{"taxonomy":"post_tag","embeddable":true,"href":"https:\/\/www.iesuscaritas.org\/fr\/wp-json\/wp\/v2\/tags?post=3421"}],"curies":[{"name":"wp","href":"https:\/\/api.w.org\/{rel}","templated":true}]}}