{"id":3258,"date":"2018-05-30T17:10:28","date_gmt":"2018-05-30T15:10:28","guid":{"rendered":"https:\/\/www.iesuscaritas.org\/?p=3258"},"modified":"2018-06-03T17:11:19","modified_gmt":"2018-06-03T15:11:19","slug":"petite-soeur-odette-prevot-martyr-de-lesperance","status":"publish","type":"post","link":"https:\/\/www.iesuscaritas.org\/fr\/news\/petite-soeur-odette-prevot-martyr-de-lesperance\/","title":{"rendered":"Petite soeur Odette PR\u00c9VOT, martyr de l&rsquo;esp\u00e9rance"},"content":{"rendered":"<p><\/p>\n<p style=\"text-align: justify;\">ODETTE PREVOT, MARTYR DE LA ESPERANCE<\/p>\n<p style=\"text-align: justify;\">Il est bien connu de tous ceux qui ont suivi le processus de b\u00e9atification que notre congr\u00e9gation des Petites S\u0153urs du Sacr\u00e9-C\u0153ur, de Charles de Foucauld, ne la souhaitait pas, mais nous avons toujours voulu rester solidaires du groupe des congr\u00e9gations concern\u00e9es.<\/p>\n<p style=\"text-align: justify;\">Plusieurs raisons ont motiv\u00e9 ce non-souhait de la b\u00e9atification. Les deux motivations les plus connues sont le sort de tout le peuple alg\u00e9rien, et notre d\u00e9sir de discr\u00e9tion, en lien avec notre vocation \u00e0 la suite de Charles de Foucauld. La troisi\u00e8me, la moins connue, et qui \u00ab\u00a0comme prieure\u00a0\u00bb m\u2019a toujours tenue \u00e0 c\u0153ur, c\u2019est que dans l\u2019attentat qui a co\u00fbt\u00e9 la vie \u00e0 Odette, il y avait aussi Chantal, l\u2019unique rescap\u00e9e d\u2019un attentat contre des religieux de cette p\u00e9riode. C\u2019est de l\u2019ordre du miracle qu\u2019elle en soit sortie vivante, ainsi que la mani\u00e8re dont elle a pu int\u00e9grer cet attentat dans sa vie, m\u00eame si son corps et son \u00eatre en resteront marqu\u00e9s \u00e0 jamais.<\/p>\n<p style=\"text-align: justify;\">Puisque le titre de \u00ab\u00a0martyr\u00a0\u00bb est incontournable dans la b\u00e9atification, pour nous Odette sera <strong>Martyr de l\u2019Esp\u00e9rance, de \u00ab\u00a0l\u2019Esp\u00e9rance du Salut\u00a0\u00bb<\/strong>. C\u2019est en lien direct avec la r\u00e9alit\u00e9 de ce que fut sa vie et sa vocation de petite s\u0153ur du Sacr\u00e9 C\u0153ur, de Charles de Foucauld et que rejoignent trois num\u00e9ros de nos constitutions, qui nous ont toujours marqu\u00e9es profond\u00e9ment\u00a0:<\/p>\n<ul>\n<li style=\"text-align: justify;\">\u00ab\u00a0Elles \u00a0\u00bb\u00a0<strong>font du salut des hommes l\u2019\u0153uvre de leur vie<\/strong>\u00a0\u00a0\u00bb<br \/>\n<strong>en se laissant sauver elles-m\u00eames,<\/strong><br \/>\n<strong>avec un peuple en marche<\/strong>,<br \/>\ndans la conscience des liens profonds<br \/>\nqui unissent tous les hommes entre eux dans le Christ.\u00a0\u00bb (N\u00b011)<\/li>\n<li style=\"text-align: justify;\">\u00ab <strong>Les petites s\u0153urs sont envoy\u00e9es aux hommes<\/strong> les plus \u00e9loign\u00e9s, [\u2026]<br \/>\n<strong>pour vivre, avec eux, l\u2019esp\u00e9rance du salut<\/strong>. Elles n&rsquo;ont pas d&rsquo;autre \u0153uvre \u00e0 r\u00e9aliser dans l\u2019Eglise. (N\u00b050)<\/li>\n<li style=\"text-align: justify;\">\u00ab\u00a0<strong>Leurs propres faiblesses<\/strong><br \/>\nreconnues devant leurs fr\u00e8res et livr\u00e9es \u00e0 J\u00e9sus<br \/>\n<strong>seront signes d\u2019esp\u00e9rance pour les pauvres<\/strong>.\u00a0\u00bb (N\u00b074)<\/li>\n<\/ul>\n<p style=\"text-align: justify;\">Odette \u00e9tait quelqu\u2019un de dou\u00e9e intellectuellement, tr\u00e8s p\u00e9dagogue et g\u00e9n\u00e9reuse\u00a0; elle a aid\u00e9 de nombreux enfants et jeunes pauvres du quartier dans leurs \u00e9tudes, avec l\u2019espoir qu\u2019ils s\u2019en sortent dans leur vie\u2026La rencontre avec l\u2019Islam a marqu\u00e9 profond\u00e9ment son chemin spirituel. Odette \u00e9tait aussi connue comme ayant une personnalit\u00e9 forte, avec un temp\u00e9rament plut\u00f4t difficile et abrupt. Elle portait en elle, comme chacun de nous, les blessures de son histoire qui faisaient d\u2019elle une femme, inqui\u00e8te, n\u2019ayant pas tr\u00e8s confiance en elle\u2026.mais \u00ab\u00a0habit\u00e9e par Quelqu\u2019un qui la conduisait.\u00bb1<\/p>\n<p style=\"text-align: justify;\">Les deux derni\u00e8res ann\u00e9es, dites \u00ab\u00a0les ann\u00e9es noires\u00a0\u00bb, Odette entrera davantage, dans une \u00e9volution int\u00e9rieure d\u2019apaisement qui a \u00e9t\u00e9 bien remarqu\u00e9e par tous ceux qui l\u2019ont c\u00f4toy\u00e9e. Deux facteurs ont contribu\u00e9 \u00e0 cela\u00a0:<\/p>\n<ul>\n<li style=\"text-align: justify;\">Le travail de connaissance sur elle et son histoire, en communaut\u00e9 et poursuivi personnellement. Elle l\u2019a v\u00e9cu comme un travail de lib\u00e9ration int\u00e9rieure<\/li>\n<li style=\"text-align: justify;\">La situation tragique du peuple alg\u00e9rien et le discernement, demand\u00e9 par Monseigneur Tessier \u00e0 tous les religieux pr\u00e9sents en Alg\u00e9rie, de \u00ab\u00a0rester ou partir\u00a0\u00bb l\u2019ont centr\u00e9e sur les points essentiels de sa vie et de sa vocation \u00e0 la suite de J\u00e9sus, sp\u00e9cialement dans sa dimension Eucharistique<\/li>\n<\/ul>\n<p style=\"text-align: justify;\">Odette tout au long de sa vie a d\u00fb apprendre \u00e0 esp\u00e9rer en elle-m\u00eame, de la m\u00eame mani\u00e8re qu\u2019elle a appris \u00e0 esp\u00e9rer dans le peuple alg\u00e9rien, raison pour laquelle elle a choisi de rester dans ces circonstances dangereuses. <strong>Croire dans les autres, croire en soi et ne pas d\u00e9sesp\u00e9rer c\u2019est souvent de l\u2019ordre du martyre quotidien dans nos vies<\/strong>\u2026<\/p>\n<p style=\"text-align: justify;\">Finalement la saintet\u00e9 et le bonheur des b\u00e9atitudes, n\u2019est-ce pas cela avant tout autre chose\u00a0? Croire en Celui qui esp\u00e8re en nous, si nous Le laissons faire et agir sans cesse en nous, malgr\u00e9\u00a0\u00ab\u00a0les travers\u00a0\u00bb de nos temp\u00e9raments et les situations chaotiques du peuple et de la soci\u00e9t\u00e9 o\u00f9 nous vivons\u00a0?<\/p>\n<p style=\"text-align: justify;\">Etre <strong>t\u00e9moin de l\u2019Esp\u00e9rance en Christ Ressuscit\u00e9<\/strong>, ne signifie pas \u00eatre d\u00e9livr\u00e9 de toute inqui\u00e9tude face \u00e0 l\u2019avenir. C\u2019est parce qu\u2019Odette \u00e9tait de nature inqui\u00e8te que nous mesurons davantage l\u2019importance qu\u2019a pu avoir durant ses derni\u00e8res ann\u00e9es, la pri\u00e8re qu\u2019elle portait sur elle, comme un viatique, au moment de l\u2019attentat\u00a0:<\/p>\n<p style=\"text-align: center;\">\u00ab\u00a0Vis le jour d\u2019aujourd\u2019hui, Dieu te le donne, il est \u00e0 toi.<br \/>\nVis le en Lui.<br \/>\nLe jour de demain est \u00e0 Dieu, Il ne t\u2019appartient pas.<br \/>\nNe porte pas sur demain le souci d\u2019aujourd\u2019hui.<br \/>\nDemain est \u00e0 Dieu, remets-le-Lui.<br \/>\nLe moment pr\u00e9sent est une fr\u00eale passerelle.<br \/>\nSi tu le charges des regrets d\u2019hier,<br \/>\nde l\u2019inqui\u00e9tude de demain,<br \/>\nla passerelle c\u00e8de et tu perds pied.<br \/>\nLe pass\u00e9\u00a0? Dieu le pardonne.<br \/>\nL\u2019avenir\u00a0? Dieu le donne.<br \/>\nVis le jour d\u2019aujourd\u2019hui en communion avec Lui<\/p>\n<p style=\"text-align: justify;\">Si nous n\u2019avons pas souhait\u00e9 cette b\u00e9atification, nous la recevons aujourd\u2019hui avec reconnaissance, comme un signe que Dieu nous envoie \u00e0 nous, les Petites S\u0153urs du Sacr\u00e9 C\u0153ur, de Charles de Foucauld, pour continuer \u00e0 vivre notre vocation de <strong>guetteur d\u2019Esp\u00e9rance<\/strong> dans nos propres histoires personnelles, de congr\u00e9gation et de la soci\u00e9t\u00e9 o\u00f9 nous vivons \u2026\u2026 Et cela en communion avec tant d\u2019hommes et de femmes qui vivent de diverses mani\u00e8res cette vocation de guetteur d\u2019Esp\u00e9rance dans leur propre vie et dans la soci\u00e9t\u00e9.<\/p>\n<p style=\"text-align: justify;\">Isabel Lara Ja\u00e9n,<br \/>\nPrieure des Petites S\u0153urs du Sacr\u00e9 C\u0153ur,<br \/>\nde Charles de Foucauld<\/p>\n<p>PDF: <a href=\"https:\/\/www.iesuscaritas.org\/wp-content\/uploads\/2018\/06\/2018-COMMUNIQUE-SUR-LA-BEATIFICATION-ODETTE.pdf\">2018 COMMUNIQUE SUR LA BEATIFICATION ODETTE<\/a><\/p>","protected":false},"excerpt":{"rendered":"<p>ODETTE PREVOT, MARTYR DE LA ESPERANCE Il est bien connu de tous ceux qui ont suivi le processus de b\u00e9atification que notre congr\u00e9gation des Petites S\u0153urs du Sacr\u00e9-C\u0153ur, de Charles <a class=\"more-link\" href=\"https:\/\/www.iesuscaritas.org\/fr\/news\/petite-soeur-odette-prevot-martyr-de-lesperance\/\">Continue Reading &rarr;<\/a><\/p>\n","protected":false},"author":1,"featured_media":0,"comment_status":"open","ping_status":"open","sticky":false,"template":"","format":"standard","meta":{"footnotes":""},"categories":[1],"tags":[],"class_list":["post-3258","post","type-post","status-publish","format-standard","hentry","category-news"],"_links":{"self":[{"href":"https:\/\/www.iesuscaritas.org\/fr\/wp-json\/wp\/v2\/posts\/3258","targetHints":{"allow":["GET"]}}],"collection":[{"href":"https:\/\/www.iesuscaritas.org\/fr\/wp-json\/wp\/v2\/posts"}],"about":[{"href":"https:\/\/www.iesuscaritas.org\/fr\/wp-json\/wp\/v2\/types\/post"}],"author":[{"embeddable":true,"href":"https:\/\/www.iesuscaritas.org\/fr\/wp-json\/wp\/v2\/users\/1"}],"replies":[{"embeddable":true,"href":"https:\/\/www.iesuscaritas.org\/fr\/wp-json\/wp\/v2\/comments?post=3258"}],"version-history":[{"count":2,"href":"https:\/\/www.iesuscaritas.org\/fr\/wp-json\/wp\/v2\/posts\/3258\/revisions"}],"predecessor-version":[{"id":3261,"href":"https:\/\/www.iesuscaritas.org\/fr\/wp-json\/wp\/v2\/posts\/3258\/revisions\/3261"}],"wp:attachment":[{"href":"https:\/\/www.iesuscaritas.org\/fr\/wp-json\/wp\/v2\/media?parent=3258"}],"wp:term":[{"taxonomy":"category","embeddable":true,"href":"https:\/\/www.iesuscaritas.org\/fr\/wp-json\/wp\/v2\/categories?post=3258"},{"taxonomy":"post_tag","embeddable":true,"href":"https:\/\/www.iesuscaritas.org\/fr\/wp-json\/wp\/v2\/tags?post=3258"}],"curies":[{"name":"wp","href":"https:\/\/api.w.org\/{rel}","templated":true}]}}