{"id":3145,"date":"2018-03-28T17:54:58","date_gmt":"2018-03-28T15:54:58","guid":{"rendered":"https:\/\/www.iesuscaritas.org\/?p=3145"},"modified":"2018-08-23T17:16:43","modified_gmt":"2018-08-23T15:16:43","slug":"carta-de-pascua-de-jean-francois-y-aurelio-perin-23-marzo-2018","status":"publish","type":"post","link":"https:\/\/www.iesuscaritas.org\/fr\/letters\/carta-de-pascua-de-jean-francois-y-aurelio-perin-23-marzo-2018\/","title":{"rendered":"Lettre de P\u00e2ques de Jean-Fran\u00e7ois et Aurelio, Per\u00edn, 23 mars 2018"},"content":{"rendered":"<p><\/p>\n<p style=\"text-align: justify;\">Chers fr\u00e8res,<br \/>\nnous vous \u00e9crivons de Perin en Espagne o\u00f9 nous sommes r\u00e9unis pour pr\u00e9parer l\u2019Assembl\u00e9e mondiale de la Fraternit\u00e9 Jesus Caritas aux Philippines.<\/p>\n<p style=\"text-align: justify;\">Nous sommes \u00e0 une semaine de P\u00e2ques.<\/p>\n<p style=\"text-align: justify;\"><a href=\"https:\/\/www.iesuscaritas.org\/wp-content\/uploads\/2018\/03\/pascua-2018-01.jpg\"><img loading=\"lazy\" decoding=\"async\" class=\"alignleft size-full wp-image-3153\" src=\"https:\/\/www.iesuscaritas.org\/wp-content\/uploads\/2018\/03\/pascua-2018-01.jpg\" alt=\"\" width=\"110\" height=\"110\" \/><\/a>Il fait encore froid mais nous savons que le Printemps s\u2019approche.<\/p>\n<p style=\"text-align: justify;\">Nous avons \u00e9crit la lettre d\u2019invitation pour les d\u00e9l\u00e9gu\u00e9s des r\u00e9gions qui participeront \u00e0 cette assembl\u00e9e.<\/p>\n<p style=\"text-align: justify;\">Mais au-del\u00e0 de ces quelques 56 personnes qui participeront \u00e0 cette \u00e9tape de la vie de notre Fraternit\u00e9, tous les fr\u00e8res qui se r\u00e9clament de Jesus Caritas sont concern\u00e9s.<\/p>\n<p style=\"text-align: justify;\">Pourquoi\u00a0?<\/p>\n<p style=\"text-align: justify;\">A cause d\u2019une conjoncture de la vie du monde et de l\u2019\u00c9glise qui souligne l\u2019actualit\u00e9 saisissante de la pens\u00e9e du Fr\u00e8re Charles<\/p>\n<ul style=\"text-align: justify;\">\n<li><a href=\"https:\/\/www.iesuscaritas.org\/wp-content\/uploads\/2018\/03\/pascua-2018-02.jpg\"><img loading=\"lazy\" decoding=\"async\" class=\"alignright size-medium wp-image-3154\" src=\"https:\/\/www.iesuscaritas.org\/wp-content\/uploads\/2018\/03\/pascua-2018-02-300x257.jpg\" alt=\"\" width=\"300\" height=\"257\" srcset=\"https:\/\/www.iesuscaritas.org\/wp-content\/uploads\/2018\/03\/pascua-2018-02-300x257.jpg 300w, https:\/\/www.iesuscaritas.org\/wp-content\/uploads\/2018\/03\/pascua-2018-02-768x658.jpg 768w, https:\/\/www.iesuscaritas.org\/wp-content\/uploads\/2018\/03\/pascua-2018-02.jpg 962w\" sizes=\"auto, (max-width: 300px) 100vw, 300px\" \/><\/a>D\u2019une part l\u2019\u00e9volution du monde.<\/li>\n<\/ul>\n<p style=\"text-align: justify;\">Les cinq continents deviennent de plus en plus interd\u00e9pendants\u00a0: les mouvements migratoires s\u2019amplifient, la d\u00e9gradation de la plan\u00e8te s\u2019accentue, le foss\u00e9 se creuse entre riches et pauvres, les conflits locaux ont une r\u00e9percussion internationale Syrie, Yemen, le dieu argent accro\u00eet son pouvoir\u2026<\/p>\n<p style=\"text-align: justify;\">Dans le m\u00eame temps on assiste \u00e0 des tendances en tout pays au repli sur soi, au protectionnisme, \u00e0 la m\u00e9fiance vis-\u00e0-vis de l\u2019autre\u2026<\/p>\n<ul style=\"text-align: justify;\">\n<li>D\u2019autre part l\u2019\u00e9volution de l\u2019\u00c9glise<\/li>\n<\/ul>\n<p style=\"text-align: justify;\">Le pape Fran\u00e7ois a bien pris la mesure de cette situation mondiale et des d\u00e9fis qu\u2019elle lance \u00e0 la mission de l\u2019\u00c9glise\u00a0:<\/p>\n<p style=\"text-align: justify;\"><a href=\"https:\/\/www.iesuscaritas.org\/wp-content\/uploads\/2018\/03\/pascua-2018-03.jpg\"><img loading=\"lazy\" decoding=\"async\" class=\"alignleft size-medium wp-image-3155\" src=\"https:\/\/www.iesuscaritas.org\/wp-content\/uploads\/2018\/03\/pascua-2018-03-300x169.jpg\" alt=\"\" width=\"300\" height=\"169\" srcset=\"https:\/\/www.iesuscaritas.org\/wp-content\/uploads\/2018\/03\/pascua-2018-03-300x169.jpg 300w, https:\/\/www.iesuscaritas.org\/wp-content\/uploads\/2018\/03\/pascua-2018-03-768x432.jpg 768w, https:\/\/www.iesuscaritas.org\/wp-content\/uploads\/2018\/03\/pascua-2018-03-1024x576.jpg 1024w, https:\/\/www.iesuscaritas.org\/wp-content\/uploads\/2018\/03\/pascua-2018-03.jpg 1239w\" sizes=\"auto, (max-width: 300px) 100vw, 300px\" \/><\/a>Dans l\u2019exhortation apostolique \u00ab\u00a0La joie de l\u2019\u00c9vangile\u00a0\u00bb, il appelle toute l\u2019Eglise \u00e0 retrouver un dynamisme d\u2019\u00e9vang\u00e9lisation en se recentrant sur le Christ et en sortant \u00e0 la rencontre des hommes et en particulier des plus pauvres, ceux qui sont dans les p\u00e9riph\u00e9ries.<\/p>\n<p style=\"text-align: justify;\">Dans l\u2019encyclique Laudato si il nous demande de nous mobiliser autour de la figure de Fran\u00e7ois d\u2019Assise pour entrer dans le mouvement d\u2019une sobri\u00e9t\u00e9 heureuse et dans une vraie solidarit\u00e9 avec les personnes les plus fragiles de notre monde.<\/p>\n<p style=\"text-align: justify;\">Mais nous sentons aussi dans nos communaut\u00e9s et dans nos dioc\u00e8ses les r\u00e9sistances \u00e0 ce mouvement de conversion \u00e0 laquelle nous invite le Pape Fran\u00e7ois\u2026<\/p>\n<p style=\"text-align: justify;\"><a href=\"https:\/\/www.iesuscaritas.org\/wp-content\/uploads\/2018\/03\/pascua-2018-04.jpg\"><img loading=\"lazy\" decoding=\"async\" class=\"alignright size-medium wp-image-3156\" src=\"https:\/\/www.iesuscaritas.org\/wp-content\/uploads\/2018\/03\/pascua-2018-04-300x199.jpg\" alt=\"\" width=\"300\" height=\"199\" srcset=\"https:\/\/www.iesuscaritas.org\/wp-content\/uploads\/2018\/03\/pascua-2018-04-300x199.jpg 300w, https:\/\/www.iesuscaritas.org\/wp-content\/uploads\/2018\/03\/pascua-2018-04.jpg 640w\" sizes=\"auto, (max-width: 300px) 100vw, 300px\" \/><\/a>Nous, pr\u00eatres en Fraternit\u00e9, disciples du Fr\u00e8re Charles, nous nous sentons tous concern\u00e9s par cette situation \u00e0 cause de plusieurs th\u00e8mes de la pens\u00e9e du Fr\u00e8re Charles<\/p>\n<ul style=\"text-align: justify;\">\n<li>\u00ab\u00a0Crier l\u2019Evangile par toute sa vie\u00a0\u00bb, invitation \u00e0 \u00eatre pr\u00e9sence d\u2019Evangile au c\u0153ur d\u2019un monde qui ne conna\u00eet pas le Christ<\/li>\n<li>Appel pour nous, pr\u00eatres dioc\u00e9sains, \u00e0 devenir \u00ab\u00a0fr\u00e8res universels\u00a0\u00bb c\u2019est-\u00e0-dire sortir de notre narcissisme et susciter dans nos communaut\u00e9s une dynamique de sortie et de dialogue.<\/li>\n<li>Appel \u00e0 vivre la \u00ab\u00a0spiritualit\u00e9 de Nazareth\u00a0\u00bb c\u2019est-\u00e0-dire \u00e0 vivre la pauvret\u00e9, la pri\u00e8re et la proximit\u00e9 des pauvres.(consentir \u00e0 notre r\u00e9duction num\u00e9rique et \u00e0 d\u00e9velopper la dimension priante et contemplative de notre minist\u00e8re pastoral en privil\u00e9giant la proximit\u00e9 des pauvres).<\/li>\n<\/ul>\n<p style=\"text-align: justify;\">C\u2019est dire l\u2019enjeu de notre assembl\u00e9e de Cebu aux Philippines dans le contexte o\u00f9 nous vivons, dans une triple fid\u00e9lit\u00e9\u00a0:<\/p>\n<ul>\n<li style=\"text-align: justify;\">Au Christ<\/li>\n<li style=\"text-align: justify;\">Au Fr\u00e8re Charles<\/li>\n<li style=\"text-align: justify;\">Au Pape Fran\u00e7ois<\/li>\n<\/ul>\n<p style=\"text-align: justify;\">C\u2019est pourquoi nous appelons chaque fr\u00e8re d\u00e8s maintenant \u00e0 pr\u00e9parer activement cette assembl\u00e9e<\/p>\n<ul>\n<li style=\"text-align: justify;\">Par la pri\u00e8re assidue en demandant l\u2019intercession de la pri\u00e8re du Fr\u00e8re Charles<\/li>\n<li style=\"text-align: justify;\">Par une communion fraternelle entre nous par la communication entre fraternit\u00e9s de diff\u00e9rents pays\u2026pour cela nous disposons d\u2019un media qui est le site de notre fraternit\u00e9. Et nous vous invitons \u00e0 y contribuer par vos nouvelles, vos articles, votre r\u00e9flexion.<\/li>\n<li style=\"text-align: justify;\">Par votre contribution<\/li>\n<\/ul>\n<p style=\"text-align: justify;\"><a href=\"https:\/\/www.iesuscaritas.org\/wp-content\/uploads\/2018\/03\/pascua-2018-05.gif\"><img loading=\"lazy\" decoding=\"async\" class=\"alignleft size-medium wp-image-3157\" src=\"https:\/\/www.iesuscaritas.org\/wp-content\/uploads\/2018\/03\/pascua-2018-05-247x300.gif\" alt=\"\" width=\"247\" height=\"300\" \/><\/a>Merci pour tout ce que vous pourrez faire pour contribuer \u00e0 la r\u00e9ussite de cette assembl\u00e9e mondiale des Philippines par vos r\u00e9ponses au questionnaire et par votre aide financi\u00e8re pour aider les fr\u00e8res qui ne peuvent par eux-m\u00eames assurer les frais de leur voyage.<\/p>\n<p style=\"text-align: justify;\">Durant ce temps de travail, nous avons partag\u00e9 la vie de beaucoup de personnes rencontr\u00e9es, situations heureuses ou d\u2019autres plus difficiles. Nous avons v\u00e9cu la pri\u00e8re et la c\u00e9l\u00e9bration de l\u2019Eucharistie en \u00e9tant pr\u00e9sents \u00e0 chacun de vous et sp\u00e9cialement \u00e0 Gianantonio de l\u2019Italie op\u00e9r\u00e9 d\u2019un cancer en ces m\u00eames jours.<\/p>\n<p style=\"text-align: justify;\">Que la joie de P\u00e2ques nous enracine dans la conviction que J\u00e9sus est vivant dans la vie des personnes, dans les situations que nous rencontrons, dans les mouvements du monde en faveur des droits de l\u2019homme et de la femme, et dans tous ces \u00e9lans du c\u0153ur dont nous sommes t\u00e9moins chaque jour.<\/p>\n<p style=\"text-align: justify;\"><a href=\"https:\/\/www.iesuscaritas.org\/wp-content\/uploads\/2018\/03\/pascua-2018-06.jpg\"><img loading=\"lazy\" decoding=\"async\" class=\"alignright size-medium wp-image-3146\" src=\"https:\/\/www.iesuscaritas.org\/wp-content\/uploads\/2018\/03\/pascua-2018-06-300x169.jpg\" alt=\"\" width=\"300\" height=\"169\" srcset=\"https:\/\/www.iesuscaritas.org\/wp-content\/uploads\/2018\/03\/pascua-2018-06-300x169.jpg 300w, https:\/\/www.iesuscaritas.org\/wp-content\/uploads\/2018\/03\/pascua-2018-06.jpg 576w\" sizes=\"auto, (max-width: 300px) 100vw, 300px\" \/><\/a>Un abrazo grand et fraternel.<\/p>\n<p style=\"text-align: justify;\">Jean-Fran\u00e7ois et Aurelio<\/p>\n<p style=\"text-align: justify;\">Per\u00edn, Murcia, Espagne, 23 mars 2018<\/p>\n<p>PDF: <a href=\"https:\/\/www.iesuscaritas.org\/wp-content\/uploads\/2018\/03\/Lettre-de-P\u00e2ques-de-Jean-Fran\u00e7ois-et-Aurelio-Per\u00edn-23-mars-2918-fr.pdf\">Lettre de P\u00e2ques de Jean-Fran\u00e7ois et Aurelio, Per\u00edn, 23 mars 2918, fr<\/a><\/p>","protected":false},"excerpt":{"rendered":"<p>Chers fr\u00e8res, nous vous \u00e9crivons de Perin en Espagne o\u00f9 nous sommes r\u00e9unis pour pr\u00e9parer l\u2019Assembl\u00e9e mondiale de la Fraternit\u00e9 Jesus Caritas aux Philippines. Nous sommes \u00e0 une semaine de <a class=\"more-link\" href=\"https:\/\/www.iesuscaritas.org\/fr\/letters\/carta-de-pascua-de-jean-francois-y-aurelio-perin-23-marzo-2018\/\">Continue Reading &rarr;<\/a><\/p>\n","protected":false},"author":1,"featured_media":0,"comment_status":"open","ping_status":"open","sticky":false,"template":"","format":"standard","meta":{"footnotes":""},"categories":[3],"tags":[],"class_list":["post-3145","post","type-post","status-publish","format-standard","hentry","category-letters"],"_links":{"self":[{"href":"https:\/\/www.iesuscaritas.org\/fr\/wp-json\/wp\/v2\/posts\/3145","targetHints":{"allow":["GET"]}}],"collection":[{"href":"https:\/\/www.iesuscaritas.org\/fr\/wp-json\/wp\/v2\/posts"}],"about":[{"href":"https:\/\/www.iesuscaritas.org\/fr\/wp-json\/wp\/v2\/types\/post"}],"author":[{"embeddable":true,"href":"https:\/\/www.iesuscaritas.org\/fr\/wp-json\/wp\/v2\/users\/1"}],"replies":[{"embeddable":true,"href":"https:\/\/www.iesuscaritas.org\/fr\/wp-json\/wp\/v2\/comments?post=3145"}],"version-history":[{"count":7,"href":"https:\/\/www.iesuscaritas.org\/fr\/wp-json\/wp\/v2\/posts\/3145\/revisions"}],"predecessor-version":[{"id":3172,"href":"https:\/\/www.iesuscaritas.org\/fr\/wp-json\/wp\/v2\/posts\/3145\/revisions\/3172"}],"wp:attachment":[{"href":"https:\/\/www.iesuscaritas.org\/fr\/wp-json\/wp\/v2\/media?parent=3145"}],"wp:term":[{"taxonomy":"category","embeddable":true,"href":"https:\/\/www.iesuscaritas.org\/fr\/wp-json\/wp\/v2\/categories?post=3145"},{"taxonomy":"post_tag","embeddable":true,"href":"https:\/\/www.iesuscaritas.org\/fr\/wp-json\/wp\/v2\/tags?post=3145"}],"curies":[{"name":"wp","href":"https:\/\/api.w.org\/{rel}","templated":true}]}}