{"id":292,"date":"2014-04-08T11:42:54","date_gmt":"2014-04-08T10:42:54","guid":{"rendered":"http:\/\/www.iesuscaritas.org\/?p=292"},"modified":"2014-04-08T11:42:54","modified_gmt":"2014-04-08T10:42:54","slug":"francais-lettre-de-gregoire-cador","status":"publish","type":"post","link":"https:\/\/www.iesuscaritas.org\/fr\/news\/francais-lettre-de-gregoire-cador\/","title":{"rendered":"Lettre de Gr\u00e9goire CADOR"},"content":{"rendered":"<p>Chers amis,<\/p>\n<p>Voil\u00e0 que l&rsquo;actualit\u00e9 m&rsquo;oblige \u00e0 un nouveau courrier pour vous demander d&rsquo;\u00e9largir l&rsquo;espace de votre pri\u00e8re pour y accueillir Gilberte, Giampaolo et Gianantonio que la brutalit\u00e9 sauvage qui semble vouloir devenir la norme chez nous, a douloureusement rejoints dans la nuit de vendredi \u00e0 samedi dernier.<\/p>\n<p>C&rsquo;est exactement le m\u00eame sc\u00e9nario que pour Georges Vandenbeusch : Agression au plein c\u0153ur de la nuit par une importante bande arm\u00e9e, (compos\u00e9e semble-t-il d&rsquo;apr\u00e8s les t\u00e9moins essentiellement de jeunes de 20 \u00e0 30 ans) d\u00e9fon\u00e7age de portes et de fen\u00eatres, vol de voiture (r\u00e9ussi cette fois-ci) et arrestation des \u00ab\u00a0nassaras\u00a0\u00bb (blancs ou occidentaux) pr\u00e9sents. Cette fois-ci une religieuse canadienne de 75 ans et deux pr\u00eatres italiens de 47 et 57 ans dont le plus \u00e2g\u00e9 est un tr\u00e8s bon ami de longue date, membre avec moi de la fraternit\u00e9 Jesus-Caritas de Maroua.<\/p>\n<p>Je ne pensais pas que mon courrier de la semaine derni\u00e8re \u00e9tait \u00e0 ce point d&rsquo;actualit\u00e9\u2026 La situation se durcit et se r\u00e9pand bien au-del\u00e0 des villages frontaliers\u2026 La paroisse de Tch\u00e9r\u00e9-Tchakidj\u00e9b\u00e9 o\u00f9 a eu lieu l&rsquo;agression est une des paroisses voisines de Tokomb\u00e9r\u00e9 (15 kms \u00e0 vol d&rsquo;oiseau) et situ\u00e9e tr\u00e8s \u00e0 l&rsquo;int\u00e9rieur des terres. Tokomb\u00e9r\u00e9 se trouve m\u00eame entre Tch\u00e9r\u00e9 et la fronti\u00e8re\u2026<\/p>\n<p>Ce qui veut dire que les ravisseurs sont pass\u00e9s par-del\u00e0 Tokomb\u00e9r\u00e9 pour accomplir leur m\u00e9fait. Ils ont visiblement choisi une paroisse o\u00f9 la s\u00e9curit\u00e9 n&rsquo;\u00e9tait pas assur\u00e9e par les forces de l&rsquo;ordre malgr\u00e9 notre insistance pour que cela soit fait partout et pas seulement l\u00e0 o\u00f9 il y a des fran\u00e7ais\u2026 Cela montre combien les auteurs de ces crimes sont parfaitement au courant (parfois mieux que certaines autorit\u00e9s locales elles-m\u00eames !) de nos situations, implantations et mouvements respectifs\u2026<\/p>\n<p>Nous avons fait samedi matin (quelques heures apr\u00e8s l&rsquo;enl\u00e8vement) une nouvelle r\u00e9union des pr\u00eatres et religieuses (camerounais et expatri\u00e9s) de tout le dioc\u00e8se autour de notre \u00e9v\u00eaque sur la question de la s\u00e9curit\u00e9. Nous y avons redit unanimement notre souci de continuer \u00e0 servir l&rsquo;Evangile dans ce coin de terre, avec les risques que cela comporte. Mais nous avons aussi solennellement demand\u00e9 que les autorit\u00e9s camerounaises (qui semblent vouloir soutenir notre pr\u00e9sence au b\u00e9n\u00e9fice de la paix dans la r\u00e9gion) prennent plus au s\u00e9rieux la gravit\u00e9 de la situation.<\/p>\n<p>Mgr Stevens a profit\u00e9 de la venue, ce m\u00eame jour, du Ministre camerounais de la d\u00e9fense venu express\u00e9ment transmettre la sollicitude du chef de l&rsquo;Etat \u00e0 la communaut\u00e9 chr\u00e9tienne de Maroua-Mokolo pour lui faire part de notre r\u00e9flexion.<\/p>\n<p>Le ministre est revenu ce lundi rencontrer l&rsquo;ensemble des ouvriers apostoliques (que de kilom\u00e8tres parcourus pour certains..!) Sa r\u00e9action et celle du gouverneur de l&rsquo;Extr\u00eame-Nord, toujours tr\u00e8s proche de nous, nous font esp\u00e9rer, dans les jours qui viennent, un renforcement du dispositif de s\u00e9curit\u00e9 autour de l&rsquo;ensemble des 41 paroisses et districts paroissiaux du dioc\u00e8se, avec l&rsquo;apport de nouveaux effectifs venus du Sud-Cameroun.<\/p>\n<p>Je suis all\u00e9 dimanche matin avec l&rsquo;\u00e9v\u00eaque et le vicaire g\u00e9n\u00e9ral \u00e0 la paroisse de Tch\u00e9r\u00e9-Tchakidj\u00e9b\u00e9, pour dire \u00e0 la communaut\u00e9 si durement \u00e9prouv\u00e9e le soutien de l&rsquo;ensemble des chr\u00e9tiens du dioc\u00e8se et de ceux de leurs voisins de Tokomb\u00e9r\u00e9.<\/p>\n<p>En ce qui nous concerne, \u00e0 Tokomb\u00e9r\u00e9, nous avons repris le chemin de la colline Baba Simon tous les lundis matins pour y c\u00e9l\u00e9brer la messe \u00e0 06H00 et ce jusqu&rsquo;\u00e0 la lib\u00e9ration de nos amis. Merci de vous associer \u00e0 cet \u00e9lan de pri\u00e8re.<\/p>\n<p>Je ne peux pas terminer sans vous partager aussi la bonne nouvelle que nous attendions tous depuis des mois. Samedi matin, (ironie cruelle du calendrier !), nous avons re\u00e7u la nouvelle officielle de la nomination de notre nouvel \u00e9v\u00eaque (Mgr Stevens, 77 ans, \u00e9tant d\u00e9missionnaire depuis deux ans)<\/p>\n<p>Le Pape Fran\u00e7ois nous envoie le P. Bruno Ateba Edo, religieux pallotin (ce sont les premiers \u00e9vang\u00e9lisateurs du Kamerun alors encore sous domination allemande). Mgr Ateba, \u00e2g\u00e9 de 50 ans ans, fils du Sud Cameroun, \u00e9tait recteur de la basilique de Mvoly\u00e9 \u00e0 Yaound\u00e9 (c&rsquo;est l\u00e0 que le Pape Beno\u00eet XVI a \u00e9voqu\u00e9 la figure de Baba Simon comme mod\u00e8le pour les ouvriers apostoliques en 2009 !). Il \u00e9tait aussi pr\u00e9sident de la conf\u00e9rence des sup\u00e9rieurs majeurs du Cameroun depuis 2012. Form\u00e9 au Cameroun, au Rwanda et en Allemagne, il est le premier camerounais nomm\u00e9 \u00e0 la t\u00eate du dioc\u00e8se de Maroua-Mokolo, succ\u00e9dant \u00e0 un fran\u00e7ais, Mgr Jacques de Bernon (1973-1994) et \u00e0 un belge Mgr Philippe Stevens (1995-2014).<\/p>\n<p>Nous prions pour qu&rsquo;il sache continuer l&rsquo;\u0153uvre entreprise par les fondateurs et nous guider dans le droit chemin au milieu des \u00e9preuves.<\/p>\n<p>Aujourd&rsquo;hui, je n&rsquo;abuse pas plus de votre patience\u2026<\/p>\n<p>En vous souhaitant une belle et fructueuse Semaine Sainte, je vous redis :<\/p>\n<p>\u00ab\u00a0Nous sommes ensemble !\u00a0\u00bb<\/p>\n<p style=\"text-align: right;\">Gr\u00e9goire<\/p>\n<p><\/p>","protected":false},"excerpt":{"rendered":"<p>Chers amis, Voil\u00e0 que l&rsquo;actualit\u00e9 m&rsquo;oblige \u00e0 un nouveau courrier pour vous demander d&rsquo;\u00e9largir l&rsquo;espace de votre pri\u00e8re pour y accueillir Gilberte, Giampaolo et Gianantonio que la brutalit\u00e9 sauvage qui <a class=\"more-link\" href=\"https:\/\/www.iesuscaritas.org\/fr\/news\/francais-lettre-de-gregoire-cador\/\">Continue Reading &rarr;<\/a><\/p>\n","protected":false},"author":1,"featured_media":0,"comment_status":"open","ping_status":"open","sticky":false,"template":"","format":"standard","meta":{"footnotes":""},"categories":[1],"tags":[],"class_list":["post-292","post","type-post","status-publish","format-standard","hentry","category-news"],"_links":{"self":[{"href":"https:\/\/www.iesuscaritas.org\/fr\/wp-json\/wp\/v2\/posts\/292","targetHints":{"allow":["GET"]}}],"collection":[{"href":"https:\/\/www.iesuscaritas.org\/fr\/wp-json\/wp\/v2\/posts"}],"about":[{"href":"https:\/\/www.iesuscaritas.org\/fr\/wp-json\/wp\/v2\/types\/post"}],"author":[{"embeddable":true,"href":"https:\/\/www.iesuscaritas.org\/fr\/wp-json\/wp\/v2\/users\/1"}],"replies":[{"embeddable":true,"href":"https:\/\/www.iesuscaritas.org\/fr\/wp-json\/wp\/v2\/comments?post=292"}],"version-history":[{"count":1,"href":"https:\/\/www.iesuscaritas.org\/fr\/wp-json\/wp\/v2\/posts\/292\/revisions"}],"predecessor-version":[{"id":293,"href":"https:\/\/www.iesuscaritas.org\/fr\/wp-json\/wp\/v2\/posts\/292\/revisions\/293"}],"wp:attachment":[{"href":"https:\/\/www.iesuscaritas.org\/fr\/wp-json\/wp\/v2\/media?parent=292"}],"wp:term":[{"taxonomy":"category","embeddable":true,"href":"https:\/\/www.iesuscaritas.org\/fr\/wp-json\/wp\/v2\/categories?post=292"},{"taxonomy":"post_tag","embeddable":true,"href":"https:\/\/www.iesuscaritas.org\/fr\/wp-json\/wp\/v2\/tags?post=292"}],"curies":[{"name":"wp","href":"https:\/\/api.w.org\/{rel}","templated":true}]}}