{"id":2575,"date":"2017-06-24T13:23:33","date_gmt":"2017-06-24T11:23:33","guid":{"rendered":"http:\/\/www.iesuscaritas.org\/?p=2575"},"modified":"2025-10-04T09:58:37","modified_gmt":"2025-10-04T07:58:37","slug":"francais-gregoire-cador-lettre-aux-amis","status":"publish","type":"post","link":"https:\/\/www.iesuscaritas.org\/fr\/letters\/francais-gregoire-cador-lettre-aux-amis\/","title":{"rendered":"Gr\u00e9goire CADOR : Lettre aux amis"},"content":{"rendered":"<p><\/p>\n<p style=\"text-align: justify;\">P. Gr\u00e9goire CADOR<br \/>\nSolesmes, le 18 juin 2017<\/p>\n<p style=\"text-align: justify;\">Aux amis\u2026 de partout\u00a0!<\/p>\n<p style=\"text-align: justify;\">Chers amis,<\/p>\n<p style=\"text-align: justify;\">Voil\u00e0 un an je vous \u00e9crivais pour vous annoncer que notre \u00e9v\u00eaque de Maroua nous demandait \u00e0 Christian et moi de revenir en France pour un an pour raisons de s\u00e9curit\u00e9 en attendant des jours meilleurs. Je vous demandais alors de nous \u00ab\u00a0porter\u00a0\u00bb ainsi que les communaut\u00e9s de Tokomb\u00e9r\u00e9 dans la pri\u00e8re et la communion.<\/p>\n<p style=\"text-align: justify;\">Je vous \u00e9cris aujourd\u2019hui pour vous remercier tous et chacun pour les nombreux signes de gentillesse et de compassion que vous avez su exprimer chacun \u00e0 sa mani\u00e8re.<\/p>\n<p style=\"text-align: justify;\">J\u2019ai pass\u00e9 une ann\u00e9e un peu bizarre. Non pas vraiment \u00ab\u00a0sabbatique\u00a0\u00bb, mais en tout cas \u00ab\u00a0sympathique\u00a0\u00bb gr\u00e2ce \u00e0 l\u2019accueil fraternel de l\u2019\u00e9v\u00eaque du Mans, \u00e0 l\u2019amiti\u00e9 de mes confr\u00e8res de la Sarthe, de ma famille bien s\u00fbr et du bon r\u00e9seau d\u2019amis que vous \u00eates\u2026<\/p>\n<p style=\"text-align: justify;\">Merci \u00e0 tous ceux qui ont su accompagner, parfois m\u00eame sans s\u2019en rendre compte, cette \u00e9preuve au sens premier du terme. Temps de v\u00e9rification et d\u2019approfondissement de ma vocation de chr\u00e9tien et de pr\u00eatre.<\/p>\n<p style=\"text-align: justify;\">Je vous passe aussi les \u00e9tapes m\u00e9dicales qui ont jalonn\u00e9 ces derniers mois et permis de \u00ab\u00a0refaire le bonhomme\u00a0\u00bb m\u00eame si on ne fait pas du neuf avec du vieux\u00a0!!!<\/p>\n<p style=\"text-align: justify;\">J\u2019attendais pour reprendre les \u00ab\u00a0circulaires\u00a0\u00bb esp\u00e9rant que l\u2019ann\u00e9e d\u2019exil impos\u00e9 permettrait de clarifier la situation.<\/p>\n<p style=\"text-align: justify;\">De fait, c\u2019est le cas, m\u00eame si ce qui arrive n\u2019est pas du tout ce que l\u2019on esp\u00e9rait \u00e0 vue humaine\u2026<\/p>\n<p style=\"text-align: justify;\">Il y a un mois, apr\u00e8s une ann\u00e9e pass\u00e9e sans nous donner de v\u00e9ritables nouvelles, notre \u00e9v\u00eaque du Cameroun nous a inform\u00e9s, de mani\u00e8re tr\u00e8s administrative, que notre retour \u00e0 Tokomb\u00e9r\u00e9 n\u2019\u00e9tait pas opportun.<\/p>\n<p style=\"text-align: justify;\">Gr\u00e2ce \u00e0 la sollicitude Mgr Le Saux, \u00e9v\u00eaque du Mans, je me retrouve d\u00e9sormais missionnaire en Sarthe, m\u00eame si comme vous vous en doutez bien une grande partie de mon c\u0153ur est encore \u00e0 Tokomb\u00e9r\u00e9.<\/p>\n<p style=\"text-align: justify;\">L\u2019\u00e9v\u00eaque me confie d\u2019accompagner les communaut\u00e9s chr\u00e9tiennes d\u2019Allonnes et d\u2019Arnage, deux paroisses situ\u00e9es en p\u00e9riph\u00e9ries du Mans ainsi que le service dioc\u00e9sain des migrants tout en participant \u00e0 l\u2019\u00e9quipe d\u2019organisation du Synode dioc\u00e9sain.<\/p>\n<p style=\"text-align: justify;\">Je ne peux vous en dire plus pour l\u2019instant \u00e9tant donn\u00e9 qu\u2019il s\u2019agit de d\u00e9cisions tr\u00e8s r\u00e9centes. Je ne voudrais toutefois pas perdre de temps \u00e0 confier cette nouvelle mission \u00e0 votre pri\u00e8re, je sais trop ce que qu\u2019elle m\u2019a apport\u00e9 dans mon minist\u00e8re au Cameroun pour ne pas continuer d\u2019y puiser l\u2019inspiration qui me permettra de vivre ce que le bon Dieu me donnera de vivre dans cette nouvelle \u00e9tape de ma vie. Je vous confie celles et ceux avec lesquels il me sera donn\u00e9 de porter la mission et d\u2019accueillir la vie dans ce coin du monde.<\/p>\n<p style=\"text-align: justify;\">Je vous mets en pi\u00e8ce jointe la lettre que nous avons r\u00e9dig\u00e9e avec le P. Christian \u00e0 l\u2019attention des amis du Cameroun et de France pour les informer de notre situation. Merci de continuer \u00e0 soutenir les communaut\u00e9s de Tokomb\u00e9r\u00e9 qui vivent, elles aussi une \u00e9tape importante de leur histoire.<\/p>\n<p style=\"text-align: right;\">Nous sommes ensemble\u00a0!<\/p>\n<p><a href=\"http:\/\/www.iesuscaritas.org\/wp-content\/uploads\/2017\/06\/lettre-aux-amis-01.jpg\"><img loading=\"lazy\" decoding=\"async\" class=\"wp-image-2576 alignright\" src=\"http:\/\/www.iesuscaritas.org\/wp-content\/uploads\/2017\/06\/lettre-aux-amis-01-300x157.jpg\" alt=\"\" width=\"137\" height=\"74\" \/><\/a><\/p>\n<p>&nbsp;<\/p>\n<p>&nbsp;<\/p>\n<p>&nbsp;<\/p>\n<p style=\"text-align: justify;\"><span style=\"text-decoration: underline;\">Pour ne pas perdre les bonnes habitudes, quelques citations glan\u00e9es dans mes lectures r\u00e9centes l\u2019ann\u00e9e<\/span> :<\/p>\n<p style=\"text-align: justify;\"><strong>Oscar Romero<\/strong>\u00a0: (Extraits de Roberto Morozzo della Rocca, Mgr Oscar Romero, DDB, Paris, 2015)<\/p>\n<p style=\"text-align: justify; padding-left: 30px;\">\u00ab\u00a0L\u2019Eglise n\u2019a aucun int\u00e9r\u00eat. Je n\u2019ai aucune ambition de pouvoir et c\u2019est donc en toute libert\u00e9 que je peux dire au pouvoir ce qui est bien et ce qui est mal. Et ainsi, je dis \u00e0 n\u2019importe quel groupe politique tout ce qui est bien et tout ce qui est mal. C\u2019est mon devoir. Et avec cette libert\u00e9 du royaume de Dieu [\u2026]\u2026 nous devrions nous unir, nous ne devrions pas nous diviser, nous ne devrions pas nous montrer dispers\u00e9s et souvent complex\u00e9s face aux organisations politiques populaires, au point de vouloir les appr\u00e9cier plus que le royaume de Dieu et que ses desseins \u00e9ternels. Nous n\u2019avons rien \u00e0 mendier \u00e0 personne, car nous avons beaucoup \u00e0 donner \u00e0 tous. Cela n\u2019est pas de la pr\u00e9tention, mais l\u2019humilit\u00e9 reconnaissante de celui qui a re\u00e7u de Dieu une r\u00e9v\u00e9lation \u00e0 transmettre aux autres.\u00a0\u00bb (Hom\u00e9lie de Mgr Oscar Romero, 23 mars 1980, veille de son assassinat). (pp. 385-386)<\/p>\n<p style=\"text-align: justify; padding-left: 30px;\">\u00ab\u00a0Tout le monde n\u2019aura pas, nous dit le Concile Vatican II, l\u2019honneur de donner physiquement son sang, d\u2019\u00eatre assassin\u00e9 pour la foi. Cependant, Dieu demande un esprit de martyre \u00e0 tous ceux qui croient en lui. Ainsi, nous devons tous \u00eatre dispos\u00e9s \u00e0 mourir pour notre foi, m\u00eame si le Seigneur ne nous conc\u00e8de pas cet honneur. Oui, nous sommes disponibles, afin que, quand arrivera notre heure de rendre compte, nous puissions dire\u00a0: \u00ab\u00a0Seigneur, je suis dispos\u00e9 \u00e0 donner ma vie pour toi. Et je l\u2019ai donn\u00e9e.\u00a0\u00bb Car donner sa vie ne signifie pas seulement \u00eatre tu\u00e9\u00a0; donner sa vie, avoir l\u2019esprit de martyre, c\u2019est donner dans le devoir, dans le silence, dans la pri\u00e8re, dans l\u2019accomplissement honn\u00eate de sa charge\u00a0; c\u2019est donner sa vie peu \u00e0 peu, dans le silence de la vie quotidienne, comme la donne la m\u00e8re qui, sans crainte, avec la simplicit\u00e9 du martyre maternel, met au monde, allaite, fait grandir et soigne son enfant avec affection.\u00bb (Hom\u00e9lie de Mgr Oscar Romero, 15 mai 1977). (p. 398).<\/p>\n<p style=\"text-align: justify; padding-left: 30px;\">\u00ab\u00a0L\u2019unique violence admise par l\u2019Evangile est celle qui est exerc\u00e9e contre soi-m\u00eame. Quand le Christ se laisse mettre \u00e0 mort, voil\u00e0 la violence\u00a0: se laisser tuer. La violence envers soi est plus efficace que la violence exerc\u00e9e contre les autres. Il est tr\u00e8s facile de tuer, surtout quand on a des armes, par contre, qu\u2019il est difficile de se laisser tuer par amour\u00a0!\u00a0\u00bb (Hom\u00e9lie de Mgr Oscar Romero, 12 ao\u00fbt 1979). (p. 164).<\/p>\n<p style=\"text-align: justify; padding-left: 30px;\">\u00ab\u00a0Personne ne poss\u00e8de la v\u00e9rit\u00e9, \u00e0 part Dieu. Celui qui veut marcher dans la v\u00e9rit\u00e9 doit \u00eatre humble et chercher la v\u00e9rit\u00e9 avec les autres. On ne va pas discuter pour imposer notre fa\u00e7on de penser. On va discuter pour trouver la r\u00e9ponse de l\u2019autre, celle qui nous manque, c\u2019est une recherche. [\u2026] Cela en vaut la peine, surtout quand ce que l\u2019on recherche est aussi important que le bien du pays.\u00a0\u00bb (Hom\u00e9lie de Mgr Oscar Romero, 06 janvier 1980). (p. 231).<\/p>\n<p style=\"text-align: justify;\"><strong>St Jean Chrysostome<\/strong>\u00a0: Hom\u00e9lie avant son d\u00e9part en exil en 401 (Office des lectures du 13 septembre).<\/p>\n<p style=\"text-align: justify; padding-left: 30px;\">Les vagues sont violentes, la houle est terrible, mais nous ne craignons pas d&rsquo;\u00eatre engloutis par la mer, car nous sommes debout sur le roc. Que la mer soit furieuse, elle ne peut briser ce roc ; que les flots se soul\u00e8vent, ils sont incapables d&rsquo;engloutir la barque de J\u00e9sus. Que craindrions-nous ? Dites-le-moi. La mort ? Pour moi, vivre, c&rsquo;est le Christ, et mourir est un avantage. L&rsquo;exil ? La terre appartient au Seigneur, avec tout ce qui la remplit. La confiscation des biens ? De m\u00eame que nous n&rsquo;avons rien apport\u00e9 dans ce monde, nous ne pourrons rien emporter. Les menaces du monde, je les m\u00e9prise ; ses faveurs, je m&rsquo;en moque. Je ne crains pas la pauvret\u00e9, je ne d\u00e9sire pas la richesse ; je ne crains pas la mort, je ne d\u00e9sire pas vivre, sinon pour vous faire progresser. C&rsquo;est \u00e0 cause de cela que je vous avertis de ce qui se passe, et j&rsquo;exhorte votre charit\u00e9 \u00e0 la confiance.<\/p>\n<p style=\"text-align: justify; padding-left: 30px;\">[\u2026\/\u2026] En quelque lieu que je sois, vous y \u00eates aussi : le corps ne se s\u00e9pare pas de la t\u00eate, ni la t\u00eate du corps. Si nous sommes \u00e9loign\u00e9s par la distance, nous sommes unis par la charit\u00e9 et la mort elle-m\u00eame ne pourra couper ce lien. Si mon corps vient \u00e0 mourir, mon \u00e2me restera vivante et se souviendra de mon peuple.<\/p>\n<p style=\"text-align: justify; padding-left: 30px;\">Vous \u00eates mes concitoyens, vous \u00eates mes p\u00e8res, vous \u00eates mes fr\u00e8res, vous \u00eates mes enfants, vous \u00eates mes membres, vous \u00eates mon corps, vous \u00eates ma lumi\u00e8re, et m\u00eame vous \u00eates plus doux pour moi que la lumi\u00e8re. En effet, la lumi\u00e8re du soleil ne m&rsquo;apporte rien de comparable \u00e0 ce que m&rsquo;apporte votre charit\u00e9. Le soleil m&rsquo;est utile \u00e0 pr\u00e9sent, mais votre charit\u00e9 me pr\u00e9pare une couronne pour l&rsquo;avenir.<\/p>\n<p style=\"text-align: justify;\"><strong>Abdelkader<\/strong>\u00a0: Extrait de Mustapha Ch\u00e9rif, L\u2019\u00e9mir Abdelkader, Ap\u00f4tre de la fraternit\u00e9, Editions Odile Jacob, 2016, p.153.<\/p>\n<p style=\"text-align: justify; padding-left: 30px;\">\u00ab\u00a0Personne ne peut seul faire face aux d\u00e9fis complexes de notre temps. Il n\u2019y a pas d\u2019alternative sage au dialogue, \u00e0 l\u2019interconnaissance et \u00e0 la fraternit\u00e9 humaine.\u00bb<\/p>\n<p>PDF: <a href=\"http:\/\/www.iesuscaritas.org\/wp-content\/uploads\/2017\/06\/Aux-amis-de-partout-19.pdf\">Aux amis de partout 19<\/a><\/p>","protected":false},"excerpt":{"rendered":"<p>P. Gr\u00e9goire CADOR Solesmes, le 18 juin 2017 Aux amis\u2026 de partout\u00a0! Chers amis, Voil\u00e0 un an je vous \u00e9crivais pour vous annoncer que notre \u00e9v\u00eaque de Maroua nous demandait <a class=\"more-link\" href=\"https:\/\/www.iesuscaritas.org\/fr\/letters\/francais-gregoire-cador-lettre-aux-amis\/\">Continue Reading &rarr;<\/a><\/p>\n","protected":false},"author":1,"featured_media":0,"comment_status":"open","ping_status":"open","sticky":false,"template":"","format":"standard","meta":{"footnotes":""},"categories":[3],"tags":[],"class_list":["post-2575","post","type-post","status-publish","format-standard","hentry","category-letters"],"_links":{"self":[{"href":"https:\/\/www.iesuscaritas.org\/fr\/wp-json\/wp\/v2\/posts\/2575","targetHints":{"allow":["GET"]}}],"collection":[{"href":"https:\/\/www.iesuscaritas.org\/fr\/wp-json\/wp\/v2\/posts"}],"about":[{"href":"https:\/\/www.iesuscaritas.org\/fr\/wp-json\/wp\/v2\/types\/post"}],"author":[{"embeddable":true,"href":"https:\/\/www.iesuscaritas.org\/fr\/wp-json\/wp\/v2\/users\/1"}],"replies":[{"embeddable":true,"href":"https:\/\/www.iesuscaritas.org\/fr\/wp-json\/wp\/v2\/comments?post=2575"}],"version-history":[{"count":2,"href":"https:\/\/www.iesuscaritas.org\/fr\/wp-json\/wp\/v2\/posts\/2575\/revisions"}],"predecessor-version":[{"id":2579,"href":"https:\/\/www.iesuscaritas.org\/fr\/wp-json\/wp\/v2\/posts\/2575\/revisions\/2579"}],"wp:attachment":[{"href":"https:\/\/www.iesuscaritas.org\/fr\/wp-json\/wp\/v2\/media?parent=2575"}],"wp:term":[{"taxonomy":"category","embeddable":true,"href":"https:\/\/www.iesuscaritas.org\/fr\/wp-json\/wp\/v2\/categories?post=2575"},{"taxonomy":"post_tag","embeddable":true,"href":"https:\/\/www.iesuscaritas.org\/fr\/wp-json\/wp\/v2\/tags?post=2575"}],"curies":[{"name":"wp","href":"https:\/\/api.w.org\/{rel}","templated":true}]}}