{"id":235,"date":"2014-03-01T13:46:26","date_gmt":"2014-03-01T12:46:26","guid":{"rendered":"http:\/\/www.iesuscaritas.org\/?p=235"},"modified":"2014-03-23T21:17:00","modified_gmt":"2014-03-23T20:17:00","slug":"carta-fraternidad-burkina-faso-febrero-2014","status":"publish","type":"post","link":"https:\/\/www.iesuscaritas.org\/fr\/letters\/aurelio-letters\/carta-fraternidad-burkina-faso-febrero-2014\/","title":{"rendered":"Lettre Fraternit\u00e9 Burkina Faso F\u00e9vrier 2014"},"content":{"rendered":"<p>FRATERNIT\u00c9 SACERDOTALE IESUS CARITAS<br \/>\nBURKINA FASO<br \/>\nLETTRE DU FR\u00c8RE RESPONSABLE, F\u00c9VRIER 2014<br \/>\nChers fr\u00e8res,<br \/>\nmerci bien de toute votre attention et accueil le pass\u00e9<br \/>\n10 de F\u00e9vrier \u00e0 Ouaga. La pr\u00e9sence et participation de Mr Philippe c&rsquo;\u00e9tait un<br \/>\nattrait pour la fraternit\u00e9 en tenant en<br \/>\ncompte de son agenda si complet. Merci<br \/>\nd\u2019\u00eatre parmi nous !<br \/>\nMerci aussi \u00e0 Stanislas par le<br \/>\nrapport et \u00e0 Jean pour la coordination<br \/>\nnational, en animant les fraternit\u00e9s de<br \/>\nBurkina. Bon courage et merci de ta<br \/>\npr\u00e9occupation par les autres.<br \/>\nLe travail de chaque jour dans le<br \/>\nprojet WEND BE NE DO, depuis notre<br \/>\nFondation \u00e0 l&rsquo;Espagne, me portent<br \/>\nchaque ann\u00e9e \u00e0 votre pays o\u00f9 je suis comme chez moi. Je me trouve \u00e9tranger,<br \/>\nje pense, seulement pour le couleur de ma peau. Partager avec les autres<br \/>\ncoop\u00e9rants espagnols la vie des personnes, adultes et enfants, affect\u00e9s par le<br \/>\nVIH \u00e0 WEND BE NE DO, en ce cas les fr\u00e8res et soeurs plus abandonn\u00e9s et<br \/>\npetits, \u00e0 la course des intuitions du<br \/>\nfr\u00e8re Charles : aller en descendant,<br \/>\nchaque fois plus bas, o\u00f9 sont ces<br \/>\namis de J\u00e9sus. \u00c7a veut dire qu\u2019il faut<br \/>\naussi descendre dans notre status<br \/>\ncomme pr\u00eatres, laisser Dieu \u00eatre<br \/>\nDieu, en fuyant de fausse humilit\u00e9,<br \/>\ndes m\u00e9dailles personnelles ou bien<br \/>\nde que tout doive tourner autour de<br \/>\nnous-m\u00eames, en \u00e9tant au m\u00eame<br \/>\ntemps ma\u00eetres et bergers par compte propre, sans \u00e9couter aux autres et<br \/>\n\u00e9couter le Seigner dans l\u2019adoration ou la journ\u00e9e<br \/>\nde d\u00e9sert. Dieu nous appelle \u00e0 changer.<br \/>\n\u00catre membres de la<br \/>\nfraternit\u00e9 sacerdotal Iesus Caritas c\u2019est partager<br \/>\nl\u2019esp\u00e9rance d\u2019un monde nouveau r\u00e9veill\u00e9 par<br \/>\nJ\u00e9sus, dans le style de Nazareth dans notre vie,<br \/>\nlue par les fr\u00e8res \u00e0 la r\u00e9vision de vie et les<br \/>\nchr\u00e9tiens de notre communaut\u00e9, parce que<br \/>\nselon nous vivons, sera-t-il la mani\u00e8re que<br \/>\nbeaucoup de gens verront J\u00e9sus. Crier J\u00e9sus<br \/>\navec la vie (Charles de FOUCAULD) c\u2019est le<br \/>\nmeilleur t\u00e9moignage de notre foi chr\u00e9tienne : si nous sommes pr\u00e8s de les<br \/>\nautres, \u00e0 c\u00f4t\u00e9 desquels ils souffrent, comment nous vivons\u2026 C\u2019est pour \u00e7a que<br \/>\nDieu nous appelle toujours, chaque jour nouveau \u00e0 vivre selon l\u2019\u00c9vangile pardessus<br \/>\nde notre image social, cl\u00e9rical, de pr\u00eatres \u00ab propri\u00e9taires \u00ab d\u2019une<br \/>\ncommunaut\u00e9 ou avec de pouvoir.<br \/>\nC\u2019est tr\u00e8s important faciliter les rencontres de fraternit\u00e9,<br \/>\nbien dioc\u00e9saine ou bien national, et s\u2019il est possible mensuellement. \u00c7a donne<br \/>\nrichesse fraternelle et encourage aux fr\u00e8res dans la<br \/>\njoie de la foi de J\u00e9sus. Le rencontre de fraternit\u00e9 est<br \/>\nun rencontre de famille, non d\u2019un group spirituelle qui<br \/>\ncherche la voix de Dieu \u00e0 son propre nombril. Le<br \/>\nrencontre a la richesse de partager la vie des fr\u00e8res,<br \/>\nadorer le Saint Sacrement, -pr\u00e9sence de J\u00e9sus-,<br \/>\nc\u00e9l\u00e9brer ensemble, nous \u00e9couter dans la r\u00e9vision de<br \/>\nvie \u2013pas pour raconter succ\u00e8s pastorales- et confier<br \/>\nles uns aux autres. Et s\u2019il est pr\u00e9c\u00e9d\u00e9 par la journ\u00e9e<br \/>\nde d\u00e9sert \u2013silence, \u00e9couter Dieu dans le vide, sans<br \/>\nrien- nous donnera chaque fois plus d\u2019style de Nazareth, car Dieu parle dans le<br \/>\nsilence, dans tout cela qui ne brille pas, dans les coeurs des pauvres.<br \/>\n\u00c0 la fin du Mois de Nazareth africain \u00e0 Cameroun nous<br \/>\naurons la premi\u00e8re Assembl\u00e9e Panafricaine de la fraternit\u00e9. F\u00e9lix de<br \/>\nMadagascar et les coordinateurs feront les derni\u00e8res appelles, je crois, au<br \/>\nmoiti\u00e9 du mois de mars. \u00c7a sera une opportunit\u00e9 unique de mettre ensemble<br \/>\nnotre esp\u00e9rance et les d\u00e9fis des fraternit\u00e9s dans les \u00c9glises africaines.<br \/>\nComment nous nous pouvons aider ? Que-est-ce que nous avons en<br \/>\ncommun ? Quelles r\u00e9alit\u00e9s nous vivons dans nos lieux peut \u00eatre en climat de<br \/>\nviolence, en pauvret\u00e9, en situations<br \/>\nde graves probl\u00e8mes par d\u00e9plac\u00e9s<br \/>\npar la guerre, ou menac\u00e9s par<br \/>\nfondamentalismes religieux ?<br \/>\nMerci pour \u00eatre l\u00e0.<br \/>\nMerci \u00e0 Mr Philippe pour introduire<br \/>\nla fraternit\u00e9 en Burkina Faso et son appui \u00e0 tous. Toute la fraternit\u00e9 mondiale<br \/>\nest tr\u00e8s joyeuse par leur nouveau service comme cardinal de notre \u00c9glise<br \/>\nCatholique ; le 22 nous serons unis dans la pri\u00e8re et la c\u00e9l\u00e9bration. Bonne<br \/>\nd\u00e9cision du pape Fran\u00e7ois\u2026<br \/>\nMes fr\u00e8res, recevez mes embrasses les plus fraternelles et que<br \/>\nDieu et fr\u00e8re Charles nous b\u00e9nissent \u00e0 tous.<br \/>\nAurelio SANZ BAEZA, fr\u00e8re responsable<br \/>\nPer\u00edn, Carthag\u00e8ne, Murcie, Espagne, 20 f\u00e9vrier 2014<\/p>","protected":false},"excerpt":{"rendered":"<p>FRATERNIT\u00c9 SACERDOTALE IESUS CARITAS BURKINA FASO LETTRE DU FR\u00c8RE RESPONSABLE, F\u00c9VRIER 2014 Chers fr\u00e8res, merci bien de toute votre attention et accueil le pass\u00e9 10 de F\u00e9vrier \u00e0 Ouaga. La <a class=\"more-link\" href=\"https:\/\/www.iesuscaritas.org\/fr\/letters\/aurelio-letters\/carta-fraternidad-burkina-faso-febrero-2014\/\">Continue Reading &rarr;<\/a><\/p>\n","protected":false},"author":2,"featured_media":0,"comment_status":"open","ping_status":"open","sticky":false,"template":"","format":"standard","meta":{"footnotes":""},"categories":[5],"tags":[],"class_list":["post-235","post","type-post","status-publish","format-standard","hentry","category-aurelio-letters"],"_links":{"self":[{"href":"https:\/\/www.iesuscaritas.org\/fr\/wp-json\/wp\/v2\/posts\/235","targetHints":{"allow":["GET"]}}],"collection":[{"href":"https:\/\/www.iesuscaritas.org\/fr\/wp-json\/wp\/v2\/posts"}],"about":[{"href":"https:\/\/www.iesuscaritas.org\/fr\/wp-json\/wp\/v2\/types\/post"}],"author":[{"embeddable":true,"href":"https:\/\/www.iesuscaritas.org\/fr\/wp-json\/wp\/v2\/users\/2"}],"replies":[{"embeddable":true,"href":"https:\/\/www.iesuscaritas.org\/fr\/wp-json\/wp\/v2\/comments?post=235"}],"version-history":[{"count":3,"href":"https:\/\/www.iesuscaritas.org\/fr\/wp-json\/wp\/v2\/posts\/235\/revisions"}],"predecessor-version":[{"id":247,"href":"https:\/\/www.iesuscaritas.org\/fr\/wp-json\/wp\/v2\/posts\/235\/revisions\/247"}],"wp:attachment":[{"href":"https:\/\/www.iesuscaritas.org\/fr\/wp-json\/wp\/v2\/media?parent=235"}],"wp:term":[{"taxonomy":"category","embeddable":true,"href":"https:\/\/www.iesuscaritas.org\/fr\/wp-json\/wp\/v2\/categories?post=235"},{"taxonomy":"post_tag","embeddable":true,"href":"https:\/\/www.iesuscaritas.org\/fr\/wp-json\/wp\/v2\/tags?post=235"}],"curies":[{"name":"wp","href":"https:\/\/api.w.org\/{rel}","templated":true}]}}