{"id":232,"date":"2014-02-25T19:17:32","date_gmt":"2014-02-25T18:17:32","guid":{"rendered":"http:\/\/www.iesuscaritas.org\/?p=232"},"modified":"2014-03-23T21:17:01","modified_gmt":"2014-03-23T20:17:01","slug":"carta-adviento-2013-hermano-responsable","status":"publish","type":"post","link":"https:\/\/www.iesuscaritas.org\/fr\/letters\/aurelio-letters\/carta-adviento-2013-hermano-responsable\/","title":{"rendered":"Lettre D&rsquo;Avent 2013 Fr\u00e8re Responsable"},"content":{"rendered":"<p>LETTRE D\u2019AVENT 2013<br \/>\nFR\u00c8RE RESPONSABLE FRATERNIT\u00c9 SACERDOTALE IESUS CARITAS<br \/>\nChers fr\u00e8res,<br \/>\nquand vous recevrez cette lettre, nous serons en train de c\u00e9l\u00e9brer la<br \/>\n\u00ab P\u00e2que \u00bb de fr\u00e8re Charles et l\u2019entr\u00e9e en Avent, ou bien ce sera d\u00e9j\u00e0 pass\u00e9. Pour notre Eglise, le fr\u00e8re Charles est d\u2019une actualit\u00e9 indiscutable. Ce n\u2019est pas seulement un message spirituel, une fa\u00e7on de vivre la foi : c\u2019est la fa\u00e7on<br \/>\nde vivre. Vivre Nazareth en lien avec croyants et non croyants,<br \/>\ndans sa propre culture ou dans une autre totalement diff\u00e9rente, \u00eatre pr\u00e9sence du Christ vivant, non pas tellement par des signes religieux mais par la proximit\u00e9 aux personnes qui nous entourent, sans chercher \u00e0 \u00eatre quelqu\u2019un d\u2019extraordinaire&#8230;<br \/>\nEn accord avec le charisme de fr\u00e8re Charles, le<br \/>\npape Fran\u00e7ois dit que nous devons aller aux \u00ab p\u00e9riph\u00e9ries \u00bb,<br \/>\no\u00f9 l\u2019on n\u2019entend pas parler de Dieu, o\u00f9 se trouvent les gens les<br \/>\nplus abandonn\u00e9s, qui n\u2019expriment m\u00eame pas le d\u00e9sir de<br \/>\nconna\u00eetre Dieu, ou qui vivent leur foi \u00e0 partir de religions diff\u00e9rentes de la n\u00f4tre, ou encore dans ces lieux o\u00f9 le dieu-argent impose ses normes et son culte. Chacun de nous sait bien ce que sont ces p\u00e9riph\u00e9ries. Le langage et le message du pape touchent vraiment les pauvres et incommodent beaucoup d\u2019eccl\u00e9siastiques et de puissants. D\u2019autres pensent que ce pape est un d\u00e9magogue et un populiste&#8230;Les r\u00e9formes ne plaisent pas toujours \u00e0 tout le monde car elles nous tirent de notre confort et de nos habitudes. C\u2019est un appel \u00e0 v\u00e9rifier si nous-m\u00eames nous acceptons d\u2019\u00eatre r\u00e9form\u00e9s, recycl\u00e9s, convertis, et \u00e0 regarder quelles r\u00e9sistances il y a en nous- m\u00eames. Retourner \u00e0 Nazareth, devenir p\u00e8lerins, m\u00eame si nous vivons dans la m\u00eame maison.<br \/>\nNous suivons avec pr\u00e9occupation la situation de fr\u00e8res en ce moment difficile dans leur pays pour diverses raisons : aux Philippines, en Centre-Afrique, au Honduras&#8230; Prions pour eux et leur communaut\u00e9.<br \/>\nEn juin j\u2019ai particip\u00e9 \u00e0 la retraite spirituelle de la fraternit\u00e9 argentine et en octobre avec les fr\u00e8res du Chili. Ces fr\u00e8res latinos sont courageux et combatifs. Avec joie et esp\u00e9rance, ils sont pr\u00eats \u00e0 collaborer \u00e0 la pr\u00e9paration de la prochaine Assembl\u00e9e Panam\u00e9ricaine, peut-\u00eatre en 2015. En janvier 2014, je rencontrerai pour la 1\u00e8re fois la fraternit\u00e9 du Mexique lors de sa retraite annuelle et ce sera un moment important pour renforcer les liens avec ces fr\u00e8res. La fraternit\u00e9 italienne m\u2019a accueilli en tant que p\u00e8lerin \u00e0 Loreto, Ancona, en novembre, et j\u2019ai pu partager avec eux leurs situations, r\u00eaves et inqui\u00e9tudes. L\u2019exp\u00e9rience de fr\u00e8res plus \u00e2g\u00e9s qui \u00e9taient pr\u00e9sents aux d\u00e9buts de la fraternit\u00e9, a<br \/>\n\u00e9t\u00e9 pour moi une grande le\u00e7on d\u2019humilit\u00e9 et de sagesse.<br \/>\n\ufffc\ufffc\ufffc\ufffc\ufffc<br \/>\n\ufffc\ufffc\ufffc\ufffc\ufffc\ufffc\ufffcQuel meilleur moment que l\u2019Avent pour se r\u00e9server une journ\u00e9e ou plus de d\u00e9sert, en disposition d\u2019\u00e9coute, donnant du temps au Seigneur dans la solitude, en mettant notre confiance en lui plut\u00f4t que dans nos \u00ab montages int\u00e9rieurs \u00bb. Giovanni ZANINELLI, fr\u00e8re italien de la fraternit\u00e9 m\u2019a<br \/>\nfait part de ses r\u00e9flexions apr\u00e8s une journ\u00e9e de d\u00e9sert<br \/>\n\u00e0 Loreto durant l\u2019assembl\u00e9e :<br \/>\n\u00ab Le silence \u00e9tait le lieu de Dieu, mais je<br \/>\nne pouvais pas entendre sa voix ; il me semblait<br \/>\nsentir dans mon esprit un grand vide, mais en m\u00eame<br \/>\ntemps du calme et de la s\u00e9r\u00e9nit\u00e9 : un signe de la<br \/>\nproximit\u00e9 de Dieu, de sa pr\u00e9sence. Sans doute que<br \/>\nDieu parle ainsi. Quand Dieu ne parle pas c\u2019est que nous ne lui donnons pas l\u2019opportunit\u00e9 de parler. Nous remplissons tout le temps de nos demandes et de nos pr\u00e9occupations. Nous parlons et ne laissons pas parler. Donc souvenons-nous de la petite phrase de Samuel -Parle, Seigneur, car ton serviteur \u00e9coute &#8211; Dieu ne parle pas car nous ne savons pas attendre et mettre notre confiance dans sa parole \u00bb.<br \/>\nLe d\u00e9sert est fondamental pour notre vie int\u00e9rieure et notre vie de fraternit\u00e9. Le d\u00e9sert et l\u2019adoration nous font grandir dans l\u2019amiti\u00e9 avec J\u00e9sus et dans l\u2019amiti\u00e9 avec les autres. Une fraternit\u00e9 d\u2019amis-fr\u00e8res, c\u2019est un petit c\u00e9nacle o\u00f9 nous nous r\u00e9unissons non seulement pour prier, mais aussi pour relire notre vie et permettre aux autres de lire dans notre c\u0153ur ; c\u2019est un moment de contemplation.<br \/>\nLa derni\u00e8re semaine de novembre, nous avons v\u00e9cu la rencontre de la Famille de Charles de FOUCAULD de l\u2019Andalousie et de Murcia en Espagne. Marc HAYET qui fut prieur des petits fr\u00e8res de J\u00e9sus nous accompagnait et il a pris ce th\u00e8me : \u00ab Se faire petit pour se faire fr\u00e8re \u00bb. L\u2019exp\u00e9rience des fraternit\u00e9s, la rencontre des personnes, le fait de prier ensemble, de partager la joie et la parole, d\u2019\u00e9couter Marc, tout cela nous a aid\u00e9 \u00e0 approfondir spirituellement le message, les options et la vision du futur de fr\u00e8re Charles. Le t\u00e9moignage d\u2019un compagnon de<br \/>\ntravail musulman nous a impressionn\u00e9s : \u00ab Si je veux pardonner, je dois changer toutes mes lois int\u00e9rieures !<br \/>\n\u00bb C\u2019est tout pour aujourd\u2019hui !<br \/>\nSaint et vivifiant Avent \u00e0 vous tous. Joyeux et fraternel No\u00ebl. Que notre vie rende heureux les autres. C\u2019est mon souhait le plus sinc\u00e8re auquel je joins un \u00ab abrazo \u00bbfraternel pour chacun d\u2019entre vous.<br \/>\nAurelio SANZ BAEZA, fr\u00e8re responsable Per\u00edn, Carthag\u00e8ne, Murcia, Espagne, 26 novembre 2013<br \/>\n(Traduction de Jean-Louis RATTIER ; merci bien, Jean-Louis)<\/p>","protected":false},"excerpt":{"rendered":"<p>LETTRE D\u2019AVENT 2013 FR\u00c8RE RESPONSABLE FRATERNIT\u00c9 SACERDOTALE IESUS CARITAS Chers fr\u00e8res, quand vous recevrez cette lettre, nous serons en train de c\u00e9l\u00e9brer la \u00ab P\u00e2que \u00bb de fr\u00e8re Charles et <a class=\"more-link\" href=\"https:\/\/www.iesuscaritas.org\/fr\/letters\/aurelio-letters\/carta-adviento-2013-hermano-responsable\/\">Continue Reading &rarr;<\/a><\/p>\n","protected":false},"author":2,"featured_media":0,"comment_status":"open","ping_status":"open","sticky":false,"template":"","format":"standard","meta":{"footnotes":""},"categories":[5],"tags":[],"class_list":["post-232","post","type-post","status-publish","format-standard","hentry","category-aurelio-letters"],"_links":{"self":[{"href":"https:\/\/www.iesuscaritas.org\/fr\/wp-json\/wp\/v2\/posts\/232","targetHints":{"allow":["GET"]}}],"collection":[{"href":"https:\/\/www.iesuscaritas.org\/fr\/wp-json\/wp\/v2\/posts"}],"about":[{"href":"https:\/\/www.iesuscaritas.org\/fr\/wp-json\/wp\/v2\/types\/post"}],"author":[{"embeddable":true,"href":"https:\/\/www.iesuscaritas.org\/fr\/wp-json\/wp\/v2\/users\/2"}],"replies":[{"embeddable":true,"href":"https:\/\/www.iesuscaritas.org\/fr\/wp-json\/wp\/v2\/comments?post=232"}],"version-history":[{"count":1,"href":"https:\/\/www.iesuscaritas.org\/fr\/wp-json\/wp\/v2\/posts\/232\/revisions"}],"predecessor-version":[{"id":233,"href":"https:\/\/www.iesuscaritas.org\/fr\/wp-json\/wp\/v2\/posts\/232\/revisions\/233"}],"wp:attachment":[{"href":"https:\/\/www.iesuscaritas.org\/fr\/wp-json\/wp\/v2\/media?parent=232"}],"wp:term":[{"taxonomy":"category","embeddable":true,"href":"https:\/\/www.iesuscaritas.org\/fr\/wp-json\/wp\/v2\/categories?post=232"},{"taxonomy":"post_tag","embeddable":true,"href":"https:\/\/www.iesuscaritas.org\/fr\/wp-json\/wp\/v2\/tags?post=232"}],"curies":[{"name":"wp","href":"https:\/\/api.w.org\/{rel}","templated":true}]}}