{"id":226,"date":"2014-02-25T18:57:28","date_gmt":"2014-02-25T17:57:28","guid":{"rendered":"http:\/\/www.iesuscaritas.org\/?p=226"},"modified":"2014-03-23T21:17:01","modified_gmt":"2014-03-23T20:17:01","slug":"carta-del-hermano-responsable","status":"publish","type":"post","link":"https:\/\/www.iesuscaritas.org\/fr\/letters\/aurelio-letters\/carta-del-hermano-responsable\/","title":{"rendered":"lettre du fr\u00e8re responsable"},"content":{"rendered":"<p>\ufffcLETTRE DU FR\u00c8RE RESPONSABLE, NOVEMBRE 2012<br \/>\nCh\u00e8re fraternit\u00e9.<br \/>\nles Fr\u00e8res de l\u2019Assembl\u00e9e de Paris m\u2019ont \u00e9lu fr\u00e8re responsable pour<br \/>\nune dur\u00e9e de 6 ans. Je m\u2019engage \u00e0 \u00eatre \u00e0 votre service avec amour fraternel et bonne volont\u00e9 pour faire le bien entre tous, avec le soutien de l\u2019\u00e9quipe internationale, form\u00e9e par Emmanuel ASI, du Pakistan, Jean Fran\u00e7ois BERJONNEAU, de France -Assistant G\u00e9n\u00e9ral-, Mark MERTES des Etats-Unis, -responsable de la partie budg\u00e9taire-, F\u00e9lix RAJAONARIVELO, de Madagascar, et Mauricio da SILVA, du Brasil, choisis sur chacun des 4 continents o\u00f9 notre fraternit\u00e9 est pr\u00e9sente et que je remercie de tout coeur d\u2019avoir accept\u00e9 l\u2019invitation \u00e0 naviguer dans ce bateau, en donnant \u00e0 la fraternit\u00e9 le meilleur de nous tous.<br \/>\nMerci \u00e9galement \u00e0 l\u2019\u00e9quipe ant\u00e9rieure: Abraham, responsable internationale, Eddy, Jos\u00e9 y Richart. Merci pour votre travail et votre d\u00e9vouement.<br \/>\nJe me pr\u00e9sente : je suis n\u00e9 \u00e0 Murcie (Espagne) et je suis pr\u00eatre dans le dioc\u00e8se de Carthag\u00e8ne &#8211; Murcie. Je travaille dans la paroisse rurale de Per\u00edn, pr\u00e8s de Carthag\u00e8ne. J\u2019ai eu 57 ans i y a quelques jours et cela fait 28 ans que j\u2019exerce mon minist\u00e8re. Je suis dans la fraternit\u00e9 depuis 30 ans. Ma foi, ma vie et ma vocation, ainsi que mes priorit\u00e9s sociales, se sont affirm\u00e9es au sein de la fraternit\u00e9, avec le soutien, les encouragements et l\u2019amour de mes fr\u00e8res. La fraternit\u00e9 a permis de r\u00e9v\u00e9ler ce que mes parents ont sem\u00e9 en moi. Le charisme du fr\u00e8re Charles a marqu\u00e9 ma jeunesse et \u00e0 travers de Nazareth, j\u2019ai r\u00eav\u00e9, ri, pleur\u00e9 et jouit. Nazareth m\u2019a donn\u00e9 le temps et la montre, le sac \u00e0 dos et les sandales, le pain et la table, et m\u2019a appris \u00e0 \u00e9couter et \u00e0 \u00eatre avec les gens. Je travaille sur deux projets humanitaires, \u00e0 Carthag\u00e8ne, dans le monde<br \/>\n\ufffc\ufffc\ufffc\ufffc\ufffc\ufffc\ufffc\ufffc\ufffc\ufffc<br \/>\n\ufffc\ufffcde la drogue et du sida, et \u00e0 Bam (Burkina Faso), dans lesquels je mets tout mon coeur. Ces personnes et ces lieux sont d\u00e9sormais toute ma vie.<br \/>\nAu travers de cette nouvelle t\u00e2che et avec le soutien de l\u2019\u00e9quipe internationale, j\u2019aimerai \u00eatre proche des fraternit\u00e9s. J\u2019aimerai \u00e9galement que mon action, au sein de la fraternit\u00e9, favorise la communication entre ses membres, non pas dans le but de donner des le\u00e7ons, mais dans celui d\u2019accompagner et d\u2019\u00e9couter. Les assembl\u00e9es continentales sont une r\u00e9alit\u00e9 en Asie et en Europe et nous allons travailler pour les rendre possibles en Am\u00e9rique et en Afrique. Ce d\u00e9fi qui a surgit lors de l\u2019Assembl\u00e9e de Paris, nous a conduits \u00e0 orienter nos efforts vers l\u2019encouragement des fraternit\u00e9s africaine et am\u00e9ricaine \u00e0 vivre l\u2019\u00c9vangile et \u00e0 repr\u00e9senter l\u2019\u00c9glise depuis leurs r\u00e9alit\u00e9s et \u00e0 cro\u00eetre comme de jeunes fraternit\u00e9s. Nous voulons qu\u2019ils sachent qu\u2019ils ne sont pas seuls.<br \/>\nLes intuitions du fr\u00e8re Charles ont donn\u00e9 naissance \u00e0 un style de famille qui consid\u00e8re l\u2019existence de J\u00e9sus non seulement dans les signes du Sacrement mais aussi dans les \u00eatres humains, et plus sp\u00e9cialement dans les favoris de J\u00e9sus. Nous devons incarner J\u00e9sus dans nos soci\u00e9t\u00e9s et que celles- ci le reconnaissent, non pas pour ce que nous disons de J\u00e9sus, mais pour comment nous le vivons, suivant l\u2019expression du fr\u00e8re Charles, depuis l\u2019adoration de son Bienaim\u00e9. Cette famille sont nos fraternit\u00e9s ainsi que toutes celles qui sont n\u00e9es du charisme. Il y a de plus en plus de personnes que se joignent \u00e0 cette grande famille, au sein de laquelle nous trouvons des fr\u00e8res et des soeurs, qui prient, adorent, contemplent, r\u00e9visent leur vie, travaillent ensemble, vivent au d\u00e9sert, accueillent la Parole et luttent pour le droit des exclus, d\u2019une fa\u00e7on parfois tr\u00e8s engag\u00e9e, mettant m\u00eame en jeu leur propre vie. Nazareth nous permet \u00e9galement d\u2019\u00eatre avec ces gens qui ont perdu leurs droits pour diff\u00e9rents motifs, dans plein d\u2019endroits de ce monde. Nous ne devons pas oublier ceux pour qui J\u00e9sus a lutt\u00e9 et \u201cprogramm\u00e9\u201d son r\u00e8gne. Rappelons de l\u2019\u00c9clesiastique: \u201c Le pain du pauvre est sa vie. Celui qui lui enl\u00e8ve le pain est un assassin. \u201c (Eclo 34,21)<br \/>\nNous avons les moyens que nous offre notre Directoire pour vivre la fraternit\u00e9: l\u2019adoration, la journ\u00e9e de d\u00e9sert mensuel, la rencontre de fraternit\u00e9, la r\u00e9vision de vie, la contemplation de la Parole, la contemplation du quotidien et de l\u2019habituel, le mois de Nazareth, cultiver l\u2019amiti\u00e9 et \u00eatre pauvre parmi les pauvres. Grandissons comme des hommes croyant en ce Dieu proche qui nous annonce l\u2019arriv\u00e9e de l\u2019Avent.<br \/>\nQue le fr\u00e8re Charles nous b\u00e9nisse, le prochain 1 d\u00e9cembre, jour de son anniversaire.<br \/>\n\ufffcUn salut fraternel.<br \/>\nPer\u00edn, 27 Novembre 2012.<br \/>\nAurelio SANZ BAEZA<\/p>","protected":false},"excerpt":{"rendered":"<p>\ufffcLETTRE DU FR\u00c8RE RESPONSABLE, NOVEMBRE 2012 Ch\u00e8re fraternit\u00e9. les Fr\u00e8res de l\u2019Assembl\u00e9e de Paris m\u2019ont \u00e9lu fr\u00e8re responsable pour une dur\u00e9e de 6 ans. Je m\u2019engage \u00e0 \u00eatre \u00e0 votre <a class=\"more-link\" href=\"https:\/\/www.iesuscaritas.org\/fr\/letters\/aurelio-letters\/carta-del-hermano-responsable\/\">Continue Reading &rarr;<\/a><\/p>\n","protected":false},"author":2,"featured_media":0,"comment_status":"open","ping_status":"open","sticky":false,"template":"","format":"standard","meta":{"footnotes":""},"categories":[5],"tags":[],"class_list":["post-226","post","type-post","status-publish","format-standard","hentry","category-aurelio-letters"],"_links":{"self":[{"href":"https:\/\/www.iesuscaritas.org\/fr\/wp-json\/wp\/v2\/posts\/226","targetHints":{"allow":["GET"]}}],"collection":[{"href":"https:\/\/www.iesuscaritas.org\/fr\/wp-json\/wp\/v2\/posts"}],"about":[{"href":"https:\/\/www.iesuscaritas.org\/fr\/wp-json\/wp\/v2\/types\/post"}],"author":[{"embeddable":true,"href":"https:\/\/www.iesuscaritas.org\/fr\/wp-json\/wp\/v2\/users\/2"}],"replies":[{"embeddable":true,"href":"https:\/\/www.iesuscaritas.org\/fr\/wp-json\/wp\/v2\/comments?post=226"}],"version-history":[{"count":3,"href":"https:\/\/www.iesuscaritas.org\/fr\/wp-json\/wp\/v2\/posts\/226\/revisions"}],"predecessor-version":[{"id":229,"href":"https:\/\/www.iesuscaritas.org\/fr\/wp-json\/wp\/v2\/posts\/226\/revisions\/229"}],"wp:attachment":[{"href":"https:\/\/www.iesuscaritas.org\/fr\/wp-json\/wp\/v2\/media?parent=226"}],"wp:term":[{"taxonomy":"category","embeddable":true,"href":"https:\/\/www.iesuscaritas.org\/fr\/wp-json\/wp\/v2\/categories?post=226"},{"taxonomy":"post_tag","embeddable":true,"href":"https:\/\/www.iesuscaritas.org\/fr\/wp-json\/wp\/v2\/tags?post=226"}],"curies":[{"name":"wp","href":"https:\/\/api.w.org\/{rel}","templated":true}]}}