{"id":1943,"date":"2016-09-11T19:20:23","date_gmt":"2016-09-11T17:20:23","guid":{"rendered":"http:\/\/www.iesuscaritas.org\/?p=1943"},"modified":"2017-03-01T17:52:24","modified_gmt":"2017-03-01T16:52:24","slug":"nuestro-hermano-abraham-apolinario-vicario-general-de-santo-domingo","status":"publish","type":"post","link":"https:\/\/www.iesuscaritas.org\/fr\/news\/nuestro-hermano-abraham-apolinario-vicario-general-de-santo-domingo\/","title":{"rendered":"Notre fr\u00e8re Abraham APOLINARIO, vicaire g\u00e9n\u00e9ral de Santo Domingo"},"content":{"rendered":"<p><div id=\"attachment_1945\" style=\"width: 160px\" class=\"wp-caption alignright\"><a href=\"http:\/\/www.iesuscaritas.org\/wp-content\/uploads\/2016\/09\/aapolinario.jpg\"><img loading=\"lazy\" decoding=\"async\" aria-describedby=\"caption-attachment-1945\" class=\"wp-image-1945 size-thumbnail\" src=\"http:\/\/www.iesuscaritas.org\/wp-content\/uploads\/2016\/09\/aapolinario-150x150.jpg\" alt=\"Abraham Apolinario\" width=\"150\" height=\"150\" srcset=\"https:\/\/www.iesuscaritas.org\/wp-content\/uploads\/2016\/09\/aapolinario-150x150.jpg 150w, https:\/\/www.iesuscaritas.org\/wp-content\/uploads\/2016\/09\/aapolinario-300x300.jpg 300w, https:\/\/www.iesuscaritas.org\/wp-content\/uploads\/2016\/09\/aapolinario.jpg 512w\" sizes=\"auto, (max-width: 150px) 100vw, 150px\" \/><\/a><p id=\"caption-attachment-1945\" class=\"wp-caption-text\">Abraham Apolinario<\/p><\/div><\/p>\n<p style=\"text-align: justify;\">L&rsquo;archev\u00eaque de Santo Domingo, la dioc\u00e8se la plus ancienne de l&rsquo;Am\u00e9rique, dans la R\u00e9publique Dominicaine, Francisco OZORIA, de notre fraternit\u00e9, a nomm\u00e9 \u00e0 notre fr\u00e8re Abraham APOLINARIO vicaire g\u00e9n\u00e9ral.<\/p>\n<p style=\"text-align: justify;\">Pour tous \u00e7a est une grande joie, et nous le souhaitons de tout notre coeur succ\u00e8s dans leur travail et toute l&rsquo;aide de Dieu.<\/p>\n<p align=\"justify\">Les saluts de tous les fr\u00e8res du monde!<\/p>\n<p align=\"justify\"><a href=\"http:\/\/www.iesuscaritas.org\/wp-content\/uploads\/2016\/09\/SantoDomingo-RepublicaDominicana.jpg\"><img loading=\"lazy\" decoding=\"async\" class=\"size-full wp-image-1946 aligncenter\" src=\"http:\/\/www.iesuscaritas.org\/wp-content\/uploads\/2016\/09\/SantoDomingo-RepublicaDominicana.jpg\" alt=\"santodomingo-republicadominicana\" width=\"267\" height=\"189\" \/><\/a><a href=\"http:\/\/www.iesuscaritas.org\/wp-content\/uploads\/2016\/09\/iesuscaritas-heart.jpg\"><img loading=\"lazy\" decoding=\"async\" class=\"wp-image-1947 aligncenter\" src=\"http:\/\/www.iesuscaritas.org\/wp-content\/uploads\/2016\/09\/iesuscaritas-heart.jpg\" alt=\"iesuscaritas-heart\" width=\"98\" height=\"139\" \/><\/a>PDF: <a href=\"http:\/\/www.iesuscaritas.org\/wp-content\/uploads\/2016\/09\/Abraham-APOLINARIO-vicaire-g\u00e9n\u00e9ral-de-SD.FR_.pdf\">abraham-apolinario-vicaire-general-de-sd-fr<\/a><\/p>\n<p><\/p>","protected":false},"excerpt":{"rendered":"<p>L&rsquo;archev\u00eaque de Santo Domingo, la dioc\u00e8se la plus ancienne de l&rsquo;Am\u00e9rique, dans la R\u00e9publique Dominicaine, Francisco OZORIA, de notre fraternit\u00e9, a nomm\u00e9 \u00e0 notre fr\u00e8re Abraham APOLINARIO vicaire g\u00e9n\u00e9ral. Pour <a class=\"more-link\" href=\"https:\/\/www.iesuscaritas.org\/fr\/news\/nuestro-hermano-abraham-apolinario-vicario-general-de-santo-domingo\/\">Continue Reading &rarr;<\/a><\/p>\n","protected":false},"author":1,"featured_media":0,"comment_status":"open","ping_status":"open","sticky":false,"template":"","format":"standard","meta":{"footnotes":""},"categories":[1],"tags":[],"class_list":["post-1943","post","type-post","status-publish","format-standard","hentry","category-news"],"_links":{"self":[{"href":"https:\/\/www.iesuscaritas.org\/fr\/wp-json\/wp\/v2\/posts\/1943","targetHints":{"allow":["GET"]}}],"collection":[{"href":"https:\/\/www.iesuscaritas.org\/fr\/wp-json\/wp\/v2\/posts"}],"about":[{"href":"https:\/\/www.iesuscaritas.org\/fr\/wp-json\/wp\/v2\/types\/post"}],"author":[{"embeddable":true,"href":"https:\/\/www.iesuscaritas.org\/fr\/wp-json\/wp\/v2\/users\/1"}],"replies":[{"embeddable":true,"href":"https:\/\/www.iesuscaritas.org\/fr\/wp-json\/wp\/v2\/comments?post=1943"}],"version-history":[{"count":6,"href":"https:\/\/www.iesuscaritas.org\/fr\/wp-json\/wp\/v2\/posts\/1943\/revisions"}],"predecessor-version":[{"id":1958,"href":"https:\/\/www.iesuscaritas.org\/fr\/wp-json\/wp\/v2\/posts\/1943\/revisions\/1958"}],"wp:attachment":[{"href":"https:\/\/www.iesuscaritas.org\/fr\/wp-json\/wp\/v2\/media?parent=1943"}],"wp:term":[{"taxonomy":"category","embeddable":true,"href":"https:\/\/www.iesuscaritas.org\/fr\/wp-json\/wp\/v2\/categories?post=1943"},{"taxonomy":"post_tag","embeddable":true,"href":"https:\/\/www.iesuscaritas.org\/fr\/wp-json\/wp\/v2\/tags?post=1943"}],"curies":[{"name":"wp","href":"https:\/\/api.w.org\/{rel}","templated":true}]}}