{"id":7220,"date":"2024-05-18T08:05:27","date_gmt":"2024-05-18T06:05:27","guid":{"rendered":"https:\/\/www.iesuscaritas.org\/?p=7220"},"modified":"2024-08-16T11:51:17","modified_gmt":"2024-08-16T09:51:17","slug":"carta-de-pentecostes-a-los-hermanos-de-todo-el-mundo-2024-eric-lozada","status":"publish","type":"post","link":"https:\/\/www.iesuscaritas.org\/de\/letters\/cartas-de-eric\/carta-de-pentecostes-a-los-hermanos-de-todo-el-mundo-2024-eric-lozada\/","title":{"rendered":"Pfingstbrief an die Br\u00fcder in der Welt 2024. Eric LOZADA"},"content":{"rendered":"<p><\/p>\n<p class=\"western\" align=\"justify\"><span class=\"sd-abs-pos\">  <a href=\"https:\/\/www.iesuscaritas.org\/wp-content\/uploads\/2024\/05\/carta-pentecostes-2024-01.jpg\"><img loading=\"lazy\" decoding=\"async\" class=\"alignright size-medium wp-image-7229\" src=\"https:\/\/www.iesuscaritas.org\/wp-content\/uploads\/2024\/05\/carta-pentecostes-2024-01-300x177.jpg\" alt=\"\" width=\"300\" height=\"177\" srcset=\"https:\/\/www.iesuscaritas.org\/wp-content\/uploads\/2024\/05\/carta-pentecostes-2024-01-300x177.jpg 300w, https:\/\/www.iesuscaritas.org\/wp-content\/uploads\/2024\/05\/carta-pentecostes-2024-01.jpg 474w\" sizes=\"auto, (max-width: 300px) 100vw, 300px\" \/><\/a><\/span><span style=\"font-family: Tahoma, serif;\"><span lang=\"de-CH\"><i>&#8222;Komm, Heiliger Geist, und erneuere das Antlitz der Erde&#8230;\u201d<\/i><\/span><\/span><\/p>\n<p class=\"western\" align=\"justify\"><span style=\"font-family: Tahoma, serif;\"><span lang=\"de-CH\"><i>&#8222;Komm, Heiliger Geist, komm!&#8230; Komm, Vater der Armen! Komm, Quelle all unserer Reicht\u00fcmer!&#8230; Oh, gesegnetes g\u00f6ttliches Licht, leuchte in unseren Herzen&#8230; Heile unsere Wunden, erneuere unsere Kraft; gie\u00dfe deinen Tau auf unsere Trockenheit&#8230; Beuge das widerspenstige Herz und den Willen; schmelze das Gefrorene, w\u00e4rme die K\u00e4lte; leite die Schritte, die in die Irre gehen&#8230;&#8220; Amen. <\/i><\/span><\/span><\/p>\n<p class=\"western\" align=\"justify\"><span style=\"font-family: Tahoma, serif;\"><span lang=\"de-CH\">Liebe Br\u00fcder, <\/span><\/span><\/p>\n<p class=\"western\" align=\"justify\"><span style=\"font-family: Tahoma, serif;\"><span lang=\"de-CH\">Gr\u00fc\u00dfe von Frieden und Feuer im Heiligen Geist!!<\/span><\/span><\/p>\n<p class=\"western\" align=\"justify\"><span style=\"font-family: Tahoma, serif;\"><span lang=\"de-CH\">Wie geht es euch? Welches waren eure Freuden und Entt\u00e4uschungen in eurem Dienst? Es ist wichtig, sich die Zeit zu nehmen, sie zu benennen und sich mit ihnen zu besch\u00e4ftigen, um einen ausgeglicheneren und freudvolleren Dienst zu leisten. Ich trage euch alle im Herzen, wenn ich diesen Brief im Galil\u00e4a-Zentrum in Tagaytay auf den Philippinen schreibe, w\u00e4hrend ich an der Hirtenausbildung f\u00fcr Vikare und Seminarausbilder teilnehme. <\/span><\/span><\/p>\n<p class=\"western\" align=\"justify\"><span style=\"font-family: Tahoma, serif;\"><span lang=\"de-CH\">Ich frage: Welches ist das Gesicht oder welches sind die Gesichter der Erde, f\u00fcr die flehen, dass der Geist komme und sie erneuere? Es k\u00f6nnte uns guttun, innezuhalten und einen langen Blick mit den Augen des Glaubens und der Vernunft auf unsere heutige fl\u00fcchtige Welt zu werfen. Wenn wir diesen Blick nicht tun, lassen wir eine sehr politisierte Sichtweise als die einzige, absolute gelten. Es besteht die Versuchung, die Sicht des Glaubens der reduktionistischen Sichtweise des S\u00e4kularismus zu \u00fcberlassen und den Blick der Vernunft der deterministischen Linse des ungez\u00fcgelten Materialismus. Wenn wir den Geist einladen zu kommen, geben wir zu, dass es uns selbst schwer f\u00e4llt zu sehen, dass wir blind sind in unserer unerl\u00f6sten, verwundeten, erstarrten, trockenen und sturen Art zu sehen und zu verstehen. Wenn wir also beten: &#8222;Komm, Heiliger Geist&#8220;, bitten wir ihn, in unser Leben einzugreifen, unsere Herzen und unseren Verstand zu erneuern, damit wir so sehen k\u00f6nnen, wie er uns sehen lassen will, und damit wir angemessen auf die Realit\u00e4ten unserer Welt reagieren k\u00f6nnen. Die prophetischen Aufrufe von Papst Franziskus, freudige Missionare des Evangeliums zu sein, an die Peripherien zu gehen, sich gemeinsam um Mutter Erde zu k\u00fcmmern, allen Br\u00fcder und Schwestern zu sein, sind geisterf\u00fcllte Blickwinkel, von denen aus wir das Warum, das Wo, das Was, das Wie unserer heutigen Welt im Licht des Evangeliums sehen und darauf reagieren. <\/span><\/span><\/p>\n<p class=\"western\" align=\"justify\"><span style=\"font-family: Tahoma, serif;\"><span lang=\"de-CH\">Viele von uns sind von Ungerechtigkeit, Armut, Zerst\u00f6rung, Gewalt, Migration und Marginalisierung betroffen, und es ist ein wenig kurzsichtig, die Welt aus einer pessimistischen, hilflosen Perspektive zu betrachten. Oder einige von uns befinden sich in einer Situation, in der sie bessere Chancen, \u00dcberfluss, Macht, Privilegien und Ehre genie\u00dfen, und die Versuchung ist gro\u00df, die Welt aus der Perspektive eines gleichg\u00fcltigen Beobachters zu betrachten. Nachdem wir 2019 in Cebu unsere Identit\u00e4t definiert haben, dass wir missionarische J\u00fcnger Jesu von Nazareth sind, inspiriert durch den Weg von Bruder Karl, halte ich es f\u00fcr wichtig, dass wir den Heiligen Geist ausdr\u00fccklich darum bitten, uns aus den Gr\u00e4bern der Bequemlichkeit, des Narzissmus, der Gleichg\u00fcltigkeit, des Klerikalismus und des Anspruchsdenkens zu erwecken und in unseren Herzen Einfachheit, Z\u00e4rtlichkeit, br\u00fcderliche Sorge und Gro\u00dfz\u00fcgigkeit neu zu entfachen, so dass wir authentische Mitarbeiter des Heiligen Geistes f\u00fcr die Transformation unserer Welt werden, genau dort, wo wir leben. Wir tr\u00e4umen auch davon, gemeinsam Baumeisterinnen und Baumeister der Geschwisterlichkeit zu sein, die das Thema unserer n\u00e4chsten Weltversammlung sein wird. <\/span><\/span><\/p>\n<p class=\"western\" align=\"justify\"><span style=\"font-family: Tahoma, serif;\"><span lang=\"de-CH\"><a href=\"https:\/\/www.iesuscaritas.org\/wp-content\/uploads\/2024\/05\/carta-pentecostes-2024-02.jpg\"><img loading=\"lazy\" decoding=\"async\" class=\"alignleft size-medium wp-image-7230\" src=\"https:\/\/www.iesuscaritas.org\/wp-content\/uploads\/2024\/05\/carta-pentecostes-2024-02-300x237.jpg\" alt=\"\" width=\"300\" height=\"237\" srcset=\"https:\/\/www.iesuscaritas.org\/wp-content\/uploads\/2024\/05\/carta-pentecostes-2024-02-300x237.jpg 300w, https:\/\/www.iesuscaritas.org\/wp-content\/uploads\/2024\/05\/carta-pentecostes-2024-02.jpg 612w\" sizes=\"auto, (max-width: 300px) 100vw, 300px\" \/><\/a>In unseren spirituellen Praktiken der t\u00e4glichen Anbetung, der t\u00e4glichen Meditation des Evangeliums, des monatlichen W\u00fcstentages und des monatlichen br\u00fcderlichen Treffens und in der Spiritualit\u00e4t der Einfachheit von Nazareth sind wir vielleicht nicht sehr konsequent, aber wir lassen uns weiterhin von unseren alternden Br\u00fcdern inspirieren, die durch das Leben Zeugnis gegeben haben. Vom Geist ber\u00fchrt, ist unsere Armut auch unsere St\u00e4rke. Auf dem spirituellen Weg kommt es nicht so sehr auf die Anzahl und das Alter an, sondern auf die Qualit\u00e4t des Zeugnisses, auch wenn wir nur wenige sind. Unsere st\u00e4ndige R\u00fcckbesinnung auf unsere spirituellen Praktiken schult unseren Geist und macht unser Herz weich, so dass unser missionarisches Engagement in der Welt aus unserer N\u00e4he zu Gott in Jesus von Nazareth und aus unseren pr\u00e4genden Begegnungen mit den Armen entsteht. Wenn Papst Franziskus uns einl\u00e4dt, uns vom Geist \u00fcberraschen zu lassen, wenn wir zusammen auf dem Weg sind und einander in dieser synodalen Kirche zuh\u00f6ren, dann ist dieser Prozess zur Botschaft geworden. Wenn wir gemeinsam von einer friedlicheren und geschwisterlicheren Welt tr\u00e4umen, verpflichten wir uns zu friedlichen und geschwisterlichen Prozessen auf allen Ebenen und in allen Formen. Denn aus Gewalt kann kein Frieden entstehen, und es kann keinen Frieden in Gemeinschaft geben, wenn Menschen verbitterte und unvers\u00f6hnte Herzen haben. Es war Mahatma Gandhi, der sagte, dass Frieden die Waffe der Starken ist, w\u00e4hrend Gewalt die Waffe der Schwachen ist. Gewalt ist die Waffe derer, die ihre \u00c4ngste, ihre Unsicherheit, ihren Neid und ihre Hilflosigkeit mit einer R\u00fcstung maskieren, die das Leben aller Menschen bedroht, auch das von Mutter Erde. So beten wir mit \u00dcberzeugung: Komm, Heiliger Geist, erf\u00fclle die Herzen deiner Gl\u00e4ubigen, erneuere unsere Kraft, beuge unser stures Herz und unseren Willen, lenke die Schritte, die in die Irre gehen.&#8220; <\/span><\/span><\/p>\n<p class=\"western\" align=\"justify\"><span style=\"font-family: Tahoma, serif;\"><span lang=\"de-CH\">M\u00f6ge die F\u00fcrsprache unseres gro\u00dfen Bruders, des heiligen Charles de Foucauld, unsere Entschlossenheit st\u00e4rken, missionarische J\u00fcnger des auferstandenen Christus und F\u00f6rderer der Geschwisterlichkeit in unserer sehr unbest\u00e4ndigen Welt zu sein. Bitte betet f\u00fcr mich, euren kleinen Bruder, w\u00e4hrend ich euch weiterhin im Gebet an mein Herz dr\u00fccke. <\/span><\/span><\/p>\n<p class=\"western\" align=\"justify\"><span style=\"font-family: Tahoma, serif;\"><span lang=\"de-CH\"><a href=\"https:\/\/www.iesuscaritas.org\/wp-content\/uploads\/2024\/05\/carta-pentecostes-2024-03.jpg\"><img loading=\"lazy\" decoding=\"async\" class=\"alignright size-full wp-image-7231\" src=\"https:\/\/www.iesuscaritas.org\/wp-content\/uploads\/2024\/05\/carta-pentecostes-2024-03.jpg\" alt=\"\" width=\"171\" height=\"133\" \/><\/a>Euer Diener-Bruder,<br \/>\n<\/span><\/span> <span style=\"font-family: Tahoma, serif;\"><span lang=\"de-CH\">Eric LOZADA, Verantwortlicher Bruder<\/span><\/span><\/p>\n<hr \/>\n<p align=\"justify\">Lesen Sie das PDF-Dokument: <a href=\"https:\/\/www.iesuscaritas.org\/wp-content\/uploads\/2024\/05\/Pfingstbrief-an-die-Bruder-in-der-Welt-2024-Eric-LOZADA.pdf\">Pfingstbrief an die Br\u00fcder in der Welt 2024 Eric LOZADA<\/a><\/p>\n<p><\/p>","protected":false},"excerpt":{"rendered":"<p>&#8222;Komm, Heiliger Geist, und erneuere das Antlitz der Erde&#8230;\u201d &#8222;Komm, Heiliger Geist, komm!&#8230; Komm, Vater der Armen! Komm, Quelle all unserer Reicht\u00fcmer!&#8230; Oh, gesegnetes g\u00f6ttliches Licht, leuchte in unseren Herzen&#8230; <a class=\"more-link\" href=\"https:\/\/www.iesuscaritas.org\/de\/letters\/cartas-de-eric\/carta-de-pentecostes-a-los-hermanos-de-todo-el-mundo-2024-eric-lozada\/\">Continue Reading &rarr;<\/a><\/p>\n","protected":false},"author":1,"featured_media":0,"comment_status":"open","ping_status":"closed","sticky":false,"template":"","format":"standard","meta":{"footnotes":""},"categories":[98],"tags":[],"class_list":["post-7220","post","type-post","status-publish","format-standard","hentry","category-cartas-de-eric"],"_links":{"self":[{"href":"https:\/\/www.iesuscaritas.org\/de\/wp-json\/wp\/v2\/posts\/7220","targetHints":{"allow":["GET"]}}],"collection":[{"href":"https:\/\/www.iesuscaritas.org\/de\/wp-json\/wp\/v2\/posts"}],"about":[{"href":"https:\/\/www.iesuscaritas.org\/de\/wp-json\/wp\/v2\/types\/post"}],"author":[{"embeddable":true,"href":"https:\/\/www.iesuscaritas.org\/de\/wp-json\/wp\/v2\/users\/1"}],"replies":[{"embeddable":true,"href":"https:\/\/www.iesuscaritas.org\/de\/wp-json\/wp\/v2\/comments?post=7220"}],"version-history":[{"count":11,"href":"https:\/\/www.iesuscaritas.org\/de\/wp-json\/wp\/v2\/posts\/7220\/revisions"}],"predecessor-version":[{"id":7250,"href":"https:\/\/www.iesuscaritas.org\/de\/wp-json\/wp\/v2\/posts\/7220\/revisions\/7250"}],"wp:attachment":[{"href":"https:\/\/www.iesuscaritas.org\/de\/wp-json\/wp\/v2\/media?parent=7220"}],"wp:term":[{"taxonomy":"category","embeddable":true,"href":"https:\/\/www.iesuscaritas.org\/de\/wp-json\/wp\/v2\/categories?post=7220"},{"taxonomy":"post_tag","embeddable":true,"href":"https:\/\/www.iesuscaritas.org\/de\/wp-json\/wp\/v2\/tags?post=7220"}],"curies":[{"name":"wp","href":"https:\/\/api.w.org\/{rel}","templated":true}]}}