{"id":6106,"date":"2022-07-02T12:12:15","date_gmt":"2022-07-02T10:12:15","guid":{"rendered":"https:\/\/www.iesuscaritas.org\/?p=6106"},"modified":"2022-12-20T20:57:35","modified_gmt":"2022-12-20T19:57:35","slug":"mauricio-nuevo-obispo","status":"publish","type":"post","link":"https:\/\/www.iesuscaritas.org\/de\/news\/mauricio-nuevo-obispo\/","title":{"rendered":"MAURICIO, neuer Bischof"},"content":{"rendered":"<p><a href=\"https:\/\/www.iesuscaritas.org\/wp-content\/uploads\/2022\/07\/mauricio-01.jpg\"><img loading=\"lazy\" decoding=\"async\" class=\"alignright size-medium wp-image-6112\" src=\"https:\/\/www.iesuscaritas.org\/wp-content\/uploads\/2022\/07\/mauricio-01-216x300.jpg\" alt=\"\" width=\"216\" height=\"300\" srcset=\"https:\/\/www.iesuscaritas.org\/wp-content\/uploads\/2022\/07\/mauricio-01-216x300.jpg 216w, https:\/\/www.iesuscaritas.org\/wp-content\/uploads\/2022\/07\/mauricio-01.jpg 254w\" sizes=\"auto, (max-width: 216px) 100vw, 216px\" \/><\/a>Gute Nachrichten f\u00fcr die Bruderschaft: Unser Bruder Mauricio da SILVA JARDIM aus der Bruderschaft Brasilien wurde von Papst Franziskus zum Bischof von Rondon\u00f3polis-Guiratinga (Mato Grosso) ernannt.<\/p>\n<p>Mauricio wurde am 9. Februar 1969 in Sapucaia do Sul im Bundesstaat Rio Grande do Sul geboren. Er trat im Alter von 21 Jahren in das Priesterseminar ein und wurde am 11. Dezember 1999 in der Pfarrei Nossa Senhora de F\u00e1tima zum Priester geweiht de Sapucaia do Sul, sich in den Klerus der Erzdi\u00f6zese Porto Alegre, der Hauptstadt des Bundesstaates Rio Grande do Sul, einberufen.<\/p>\n<p><a href=\"https:\/\/www.iesuscaritas.org\/wp-content\/uploads\/2022\/07\/mauricio-02.jpg\"><img loading=\"lazy\" decoding=\"async\" class=\"alignleft size-medium wp-image-6113\" src=\"https:\/\/www.iesuscaritas.org\/wp-content\/uploads\/2022\/07\/mauricio-02-300x178.jpg\" alt=\"\" width=\"300\" height=\"178\" srcset=\"https:\/\/www.iesuscaritas.org\/wp-content\/uploads\/2022\/07\/mauricio-02-300x178.jpg 300w, https:\/\/www.iesuscaritas.org\/wp-content\/uploads\/2022\/07\/mauricio-02-768x455.jpg 768w, https:\/\/www.iesuscaritas.org\/wp-content\/uploads\/2022\/07\/mauricio-02.jpg 960w\" sizes=\"auto, (max-width: 300px) 100vw, 300px\" \/><\/a>Er war Pfarrvikar und Pfarrer, Berater der Jugendpastoral, Berufungsanimateur und geistlicher Leiter des Vorbereitungsseminars der Erzdi\u00f6zese Porto Alegre. Er war auch Missionar in Mosambik, da er Spezialist f\u00fcr Missionswissenschaft ist.<\/p>\n<p>2016 wurde er zum Nationaldirektor der P\u00e4pstlichen Missionswerke Brasiliens (POM) ernannt. Die Position und die Verantwortung haben ihn dazu gebracht, bis 2021 eine gro\u00dfartige Arbeit in der Koordinierung und Animation der brasilianischen Kirche zu leisten: ein missionarischer und evangelisierender Geist um eine ausgehende Kirche, eine nahe gelegene Kirche, Samariter und in den Peripherien.<\/p>\n<p><a href=\"https:\/\/www.iesuscaritas.org\/wp-content\/uploads\/2022\/07\/mauricio-03.jpg\"><img loading=\"lazy\" decoding=\"async\" class=\"alignright size-medium wp-image-6114\" src=\"https:\/\/www.iesuscaritas.org\/wp-content\/uploads\/2022\/07\/mauricio-03-300x248.jpg\" alt=\"\" width=\"300\" height=\"248\" srcset=\"https:\/\/www.iesuscaritas.org\/wp-content\/uploads\/2022\/07\/mauricio-03-300x248.jpg 300w, https:\/\/www.iesuscaritas.org\/wp-content\/uploads\/2022\/07\/mauricio-03-1024x848.jpg 1024w, https:\/\/www.iesuscaritas.org\/wp-content\/uploads\/2022\/07\/mauricio-03-768x636.jpg 768w, https:\/\/www.iesuscaritas.org\/wp-content\/uploads\/2022\/07\/mauricio-03-1536x1271.jpg 1536w, https:\/\/www.iesuscaritas.org\/wp-content\/uploads\/2022\/07\/mauricio-03-2048x1695.jpg 2048w\" sizes=\"auto, (max-width: 300px) 100vw, 300px\" \/><\/a>Im November 2012 habe ich ihn auf unserer Weltversammlung in Paris als Bruder aus Lateinamerika in das internationale Team unserer Priesterbruderschaft Iesus Caritas gew\u00e4hlt. Die Zusammenarbeit mit ihm bis Januar 2019 und mit Jean-Fran\u00e7ois, Emmanuel, Mark und unserem lieben F\u00e9lix war eine sehr positive Erfahrung von Br\u00fcderlichkeit und Teamarbeit.<\/p>\n<p><a href=\"https:\/\/www.iesuscaritas.org\/wp-content\/uploads\/2022\/07\/iesus-caritas.jpg\"><img loading=\"lazy\" decoding=\"async\" class=\"alignleft size-thumbnail wp-image-6115\" src=\"https:\/\/www.iesuscaritas.org\/wp-content\/uploads\/2022\/07\/iesus-caritas-150x133.jpg\" alt=\"\" width=\"150\" height=\"133\" \/><\/a>Mauricio tritt der Liste der brasilianischen Bisch\u00f6fe der Bruderschaft bei, zusammen mit Jeov\u00e1 und Silvio in letzter Zeit sowie Edson, Eug\u00e9nio und anderen. Es ist daher eine gro\u00dfe Freude f\u00fcr alle Br\u00fcder der Welt. M\u00f6ge sein Dienst in der Reihenfolge der Apostelnachfolger von der Berufung gepr\u00e4gt sein, in seiner Di\u00f6zese Nazareth immer an der Seite der \u00c4rmsten zu sein und immer ein offenes Ohr f\u00fcr Priester, Laien, andere christliche Gruppen und die Fernen zu haben . der Kirche. Er wird am 19. August 2022 in Porto Alegre zum Bischof geweiht. Unser Gebet, unsere Freude und unsere besten W\u00fcnsche. \u201cAd multos annos\u201d.<\/p>\n<p>Aurelio SANZ BAEZA,<br \/>\nPriesterbruderschaft Iesus Caritas von Spanien<\/p>\n<p>PDF: <a href=\"https:\/\/www.iesuscaritas.org\/wp-content\/uploads\/2022\/07\/MAURICIO-neuer-Bischof-deut.pdf\">MAURICIO, neuer Bischof deut<\/a><\/p>","protected":false},"excerpt":{"rendered":"<p>Gute Nachrichten f\u00fcr die Bruderschaft: Unser Bruder Mauricio da SILVA JARDIM aus der Bruderschaft Brasilien wurde von Papst Franziskus zum Bischof von Rondon\u00f3polis-Guiratinga (Mato Grosso) ernannt. Mauricio wurde am 9. <a class=\"more-link\" href=\"https:\/\/www.iesuscaritas.org\/de\/news\/mauricio-nuevo-obispo\/\">Continue Reading &rarr;<\/a><\/p>\n","protected":false},"author":1,"featured_media":0,"comment_status":"open","ping_status":"closed","sticky":false,"template":"","format":"standard","meta":{"footnotes":""},"categories":[1],"tags":[],"class_list":["post-6106","post","type-post","status-publish","format-standard","hentry","category-news"],"_links":{"self":[{"href":"https:\/\/www.iesuscaritas.org\/de\/wp-json\/wp\/v2\/posts\/6106","targetHints":{"allow":["GET"]}}],"collection":[{"href":"https:\/\/www.iesuscaritas.org\/de\/wp-json\/wp\/v2\/posts"}],"about":[{"href":"https:\/\/www.iesuscaritas.org\/de\/wp-json\/wp\/v2\/types\/post"}],"author":[{"embeddable":true,"href":"https:\/\/www.iesuscaritas.org\/de\/wp-json\/wp\/v2\/users\/1"}],"replies":[{"embeddable":true,"href":"https:\/\/www.iesuscaritas.org\/de\/wp-json\/wp\/v2\/comments?post=6106"}],"version-history":[{"count":14,"href":"https:\/\/www.iesuscaritas.org\/de\/wp-json\/wp\/v2\/posts\/6106\/revisions"}],"predecessor-version":[{"id":6132,"href":"https:\/\/www.iesuscaritas.org\/de\/wp-json\/wp\/v2\/posts\/6106\/revisions\/6132"}],"wp:attachment":[{"href":"https:\/\/www.iesuscaritas.org\/de\/wp-json\/wp\/v2\/media?parent=6106"}],"wp:term":[{"taxonomy":"category","embeddable":true,"href":"https:\/\/www.iesuscaritas.org\/de\/wp-json\/wp\/v2\/categories?post=6106"},{"taxonomy":"post_tag","embeddable":true,"href":"https:\/\/www.iesuscaritas.org\/de\/wp-json\/wp\/v2\/tags?post=6106"}],"curies":[{"name":"wp","href":"https:\/\/api.w.org\/{rel}","templated":true}]}}