{"id":536,"date":"2014-09-15T17:30:09","date_gmt":"2014-09-15T16:30:09","guid":{"rendered":"http:\/\/www.iesuscaritas.org\/?p=536"},"modified":"2014-10-05T19:05:15","modified_gmt":"2014-10-05T18:05:15","slug":"equipo-internacional-setiembre-2014","status":"publish","type":"post","link":"https:\/\/www.iesuscaritas.org\/de\/news\/equipo-internacional-setiembre-2014\/","title":{"rendered":"INTERNATIONALES TEAM, SEPTEMBER 2014"},"content":{"rendered":"<p><\/p>\n<p style=\"text-align: justify;\">Liebe Br\u00fcder,<\/p>\n<p><em>Manahoana<\/em>? Wie geht\u2019s? <em>Salama<\/em>! Hallo!<\/p>\n<p style=\"text-align: justify;\"><a href=\"http:\/\/www.iesuscaritas.org\/wp-content\/uploads\/2014\/09\/madagascar1.jpg\"><img loading=\"lazy\" decoding=\"async\" class=\"alignright wp-image-538\" src=\"http:\/\/www.iesuscaritas.org\/wp-content\/uploads\/2014\/09\/madagascar1-300x200.jpg\" alt=\"madagascar1\" width=\"193\" height=\"131\" \/><\/a>Wir m\u00f6chten mit euch die Erfahrung teilen, Gemeinschaft zu sein, bei der ein jeder anders sein darf. Das haben wir gef\u00fchlt, als wir von Felix in Madagaskar aufgenommen wurden. Ebenso m\u00f6chten wir euch von unserer Arbeit in Antananarivo und Mahajanga berichten, was wir mit den Kleinen Schwestern des Evangeliums in einem armen Stadtteil am Rande der Hauptstadt erlebt haben sowie bei dem Treffen mit der madagassischen Priestergemeinschaft in Amborovy und bei der <a href=\"http:\/\/www.iesuscaritas.org\/wp-content\/uploads\/2014\/09\/madagascar2.jpg\"><img loading=\"lazy\" decoding=\"async\" class=\"alignleft wp-image-539\" src=\"http:\/\/www.iesuscaritas.org\/wp-content\/uploads\/2014\/09\/madagascar2-257x300.jpg\" alt=\"madagascar2\" width=\"145\" height=\"168\" srcset=\"https:\/\/www.iesuscaritas.org\/wp-content\/uploads\/2014\/09\/madagascar2-257x300.jpg 257w, https:\/\/www.iesuscaritas.org\/wp-content\/uploads\/2014\/09\/madagascar2.jpg 336w\" sizes=\"auto, (max-width: 145px) 100vw, 145px\" \/><\/a>Teilnahme an der Abschlussveranstaltung des Landestreffens der Familien Charles de FOUCAULD. Die Andacht, die Messfeier und unser Herz \u00f6ffnen, damit unsere Mitmenschen darin lesen und auch das Herz anderer Menschen lesen k\u00f6nnen: all das hat es erm\u00f6glicht, dass wir Br\u00fcderschaft im Karmel von Amborovy f\u00fchlen konnten, wo die Karmeliterinnen uns wie Familienmitglieder behandelt haben.<\/p>\n<p style=\"text-align: justify;\">Wir danken F\u00e9lix daf\u00fcr, dass wir in diesen Tagen ein Nazaret in direkter N\u00e4he zu den Menschen erlebt haben, die uns jeden Tag mit ihrem L\u00e4cheln und Gru\u00df beschenkt haben.<\/p>\n<p style=\"text-align: justify;\"><a href=\"http:\/\/www.iesuscaritas.org\/wp-content\/uploads\/2014\/09\/madagascar3.jpg\"><img loading=\"lazy\" decoding=\"async\" class=\"alignright wp-image-540\" src=\"http:\/\/www.iesuscaritas.org\/wp-content\/uploads\/2014\/09\/madagascar3-300x168.jpg\" alt=\"madagascar3\" width=\"179\" height=\"105\" \/><\/a>Die Botschaft von Papst Franziskus war in unserem Treffen gegenw\u00e4rtig und hat uns geholfen, das Wort Gottes als kraftspendend f\u00fcr unsere Br\u00fcderschaft zu erkennen. Wir erinnern uns daran, dass 2015 der 50. Jahrestag von Dei Verbum ist.<\/p>\n<p style=\"text-align: justify;\"><a href=\"http:\/\/www.iesuscaritas.org\/wp-content\/uploads\/2014\/09\/madagascar4.jpg\"><img loading=\"lazy\" decoding=\"async\" class=\"alignleft wp-image-541 size-medium\" src=\"http:\/\/www.iesuscaritas.org\/wp-content\/uploads\/2014\/09\/madagascar4-300x174.jpg\" alt=\"madagascar4\" width=\"300\" height=\"174\" srcset=\"https:\/\/www.iesuscaritas.org\/wp-content\/uploads\/2014\/09\/madagascar4-300x174.jpg 300w, https:\/\/www.iesuscaritas.org\/wp-content\/uploads\/2014\/09\/madagascar4.jpg 448w\" sizes=\"auto, (max-width: 300px) 100vw, 300px\" \/><\/a>Wir sind die Br\u00fcderschaften auf den f\u00fcnf Kontinenten und in den insgesamt 43 L\u00e4ndern durchgegangen, wo das Charisma und die Botschaft der weltumfassenden Br\u00fcderschaft des Bruders Charles wie ein Evangelium ist, das man regelrecht atmen kann. Wir sch\u00e4tzen sehr den Impuls der Br\u00fcderschaften in Asien, um eine bessere Koordination und Kommunikation zu schaffen.<\/p>\n<p>Wir m\u00f6chten an dieser Stelle erw\u00e4hnen:<\/p>\n<p style=\"text-align: justify;\"><a href=\"http:\/\/www.iesuscaritas.org\/wp-content\/uploads\/2014\/09\/madagascar6.jpg\"><img loading=\"lazy\" decoding=\"async\" class=\"alignright size-medium wp-image-543\" src=\"http:\/\/www.iesuscaritas.org\/wp-content\/uploads\/2014\/09\/madagascar6-300x233.jpg\" alt=\"madagascar6\" width=\"300\" height=\"233\" srcset=\"https:\/\/www.iesuscaritas.org\/wp-content\/uploads\/2014\/09\/madagascar6-300x233.jpg 300w, https:\/\/www.iesuscaritas.org\/wp-content\/uploads\/2014\/09\/madagascar6.jpg 431w\" sizes=\"auto, (max-width: 300px) 100vw, 300px\" \/><\/a>&#8211; den Nazarethmonat in Frankreich, Brasilien, Chile, Kamerun und Irland in diesem Jahr erw\u00e4hnen: eine st\u00e4ndig gute Nachricht, die nicht in der Schublade vergessen werden darf;<\/p>\n<p style=\"text-align: justify;\">&#8211; den Aufruf zum Dialog mit dem Islam in Europa, Afrika und Asien: ein einziger Vater, der Frieden unter seinen Kindern m\u00f6chte und nicht der Grund zu Trennung und Konflikten sein will.<\/p>\n<p style=\"text-align: justify;\">Wir setzen unsere Hoffnung in das demn\u00e4chst stattfindende Treffen in Viviers (Frankreich) im Juli 2015. Die Veranstaltung wird von Jean Fran\u00e7ois f\u00fcr Priester in Kontakt mit Muslimen organisiert und wird ein gro\u00dfartiger Beitrag dazu sein, zu vereinen und nicht auseinanderzubringen oder zu trennen.<\/p>\n<p style=\"text-align: justify;\">Wir sehen die Verst\u00e4ndigungsschwierigkeiten durch entweder die gro\u00dfen Entfernungen oder die Arbeits\u00fcberlastung der Br\u00fcder. Deshalb ist es unser Wunsch, dass die Website iesucaritas.org ein Treffpunkt f\u00fcr alle ist, die eine praktische und schnelle Kommunikation erm\u00f6glicht. Damit kann auch jedes Dokument, das mit Charles de FOUCAULD zu tun hat, allen zug\u00e4nglich sein.<\/p>\n<p style=\"text-align: justify;\"><a href=\"http:\/\/www.iesuscaritas.org\/wp-content\/uploads\/2014\/09\/madagascar5.jpg\"><img loading=\"lazy\" decoding=\"async\" class=\"aligncenter size-full wp-image-542\" src=\"http:\/\/www.iesuscaritas.org\/wp-content\/uploads\/2014\/09\/madagascar5.jpg\" alt=\"madagascar5\" width=\"448\" height=\"179\" srcset=\"https:\/\/www.iesuscaritas.org\/wp-content\/uploads\/2014\/09\/madagascar5.jpg 448w, https:\/\/www.iesuscaritas.org\/wp-content\/uploads\/2014\/09\/madagascar5-300x119.jpg 300w\" sizes=\"auto, (max-width: 448px) 100vw, 448px\" \/><\/a>Wir freuen uns \u00fcber alle Erlebnisse in den Versammlungen in Colorado Springs (USA), in Kribi (Kamerun) und in Verona (Italien). Die Br\u00fcder haben uns von dort ihre Eindr\u00fccke geschildert und von der frohen Stimmung der Treffen berichtet.<\/p>\n<p style=\"text-align: justify;\"><a href=\"http:\/\/www.iesuscaritas.org\/wp-content\/uploads\/2014\/09\/madagascar7.jpg\"><img loading=\"lazy\" decoding=\"async\" class=\"alignleft size-medium wp-image-544\" src=\"http:\/\/www.iesuscaritas.org\/wp-content\/uploads\/2014\/09\/madagascar7-300x193.jpg\" alt=\"madagascar7\" width=\"300\" height=\"193\" srcset=\"https:\/\/www.iesuscaritas.org\/wp-content\/uploads\/2014\/09\/madagascar7-300x193.jpg 300w, https:\/\/www.iesuscaritas.org\/wp-content\/uploads\/2014\/09\/madagascar7.jpg 448w\" sizes=\"auto, (max-width: 300px) 100vw, 300px\" \/><\/a>Die kirchenrechtliche Anerkennung unserer Priestergemeinschaft r\u00fcckt immer n\u00e4her. Wir sind davon \u00fcberzeugt, dass die Bem\u00fchungen uns nahe stehender Priester in der Kongregation f\u00fcr den Klerus erfolgreich sein werden.<\/p>\n<p style=\"text-align: justify;\">Die 100-Jahresfeier des Bruders Charles: Wir machen keine konkreten Gestaltungsvorschl\u00e4ge f\u00fcr die Feierlichkeiten, da uns bewusst ist, dass jeder Kontinent, jedes Land, jede Di\u00f6zese, Pfarrei oder Br\u00fcderschaft dieses Fest als Familie begehen wird. Es sollen Feste nach der Art Nazarets sein, bei denen mit den Bed\u00fcrftigen geteilt wird und jeder Ausdruck von Triumphalismus oder Gr\u00f6\u00dfe fehl am Platze w\u00e4re.<\/p>\n<p style=\"text-align: justify;\"><a href=\"http:\/\/www.iesuscaritas.org\/wp-content\/uploads\/2014\/09\/madagascar8.jpg\"><img loading=\"lazy\" decoding=\"async\" class=\"alignright size-medium wp-image-545\" src=\"http:\/\/www.iesuscaritas.org\/wp-content\/uploads\/2014\/09\/madagascar8-300x153.jpg\" alt=\"madagascar8\" width=\"300\" height=\"153\" srcset=\"https:\/\/www.iesuscaritas.org\/wp-content\/uploads\/2014\/09\/madagascar8-300x153.jpg 300w, https:\/\/www.iesuscaritas.org\/wp-content\/uploads\/2014\/09\/madagascar8.jpg 448w\" sizes=\"auto, (max-width: 300px) 100vw, 300px\" \/><\/a>Wir haben Kassensturz gemacht: Die Situation der internationalen Kasse ist delikat. Daher erinnern wir alle L\u00e4nder daran, dass Br\u00fcderschaft auch im Teilen unserer G\u00fcter besteht, um insbesonders zur Durchf\u00fchrung des Nazarethmonats, zu den Versammlungen in Asien, Afrika und Amerika und zu unserer Jahresversammlung beizutragen wie auch zur Anwesenheit von Mitgliedern des Internationalen Teams, dort wo es gew\u00fcnscht wird. Misaotra betsaka, herzlichen Dank f\u00fcr eure Gro\u00dfz\u00fcgigkeit. Wir sch\u00e4tzen eure Anstrengungen sehr.<\/p>\n<p style=\"text-align: justify;\">Durch unsere Priestergemeinschaft erfahren wir im Leben drei wesentliche St\u00fctzen: der monatliche W\u00fcstentag als Zeit des Insichhereinhorchens losgel\u00f6st von allem; die <a href=\"http:\/\/www.iesuscaritas.org\/wp-content\/uploads\/2014\/09\/madagascar9.jpg\"><img loading=\"lazy\" decoding=\"async\" class=\"alignleft size-medium wp-image-546\" src=\"http:\/\/www.iesuscaritas.org\/wp-content\/uploads\/2014\/09\/madagascar9-300x168.jpg\" alt=\"madagascar9\" width=\"300\" height=\"168\" srcset=\"https:\/\/www.iesuscaritas.org\/wp-content\/uploads\/2014\/09\/madagascar9-300x168.jpg 300w, https:\/\/www.iesuscaritas.org\/wp-content\/uploads\/2014\/09\/madagascar9.jpg 448w\" sizes=\"auto, (max-width: 300px) 100vw, 300px\" \/><\/a>Lebens\u00fcberpr\u00fcfung als Zeit der Besinnung \u00fcber das Leben der Br\u00fcder, ihrer Gef\u00fchle, Pl\u00e4ne, Probleme, ihres inneren Lebens, ihrer Entwicklungen so wie auch sie uns betrachten und helfen; die Selbstverpflichtung einer jeden Br\u00fcderschaft zur gegenseitigen Unterst\u00fctzung wie in einer Familie, wo sich die Mitglieder in den Dingen des Alltags untereinander helfen. Wir sind keine Gruppe, in der der Glauben substanzlos gelebt wird, sondern teilen ein gemeinsames Projekt, leben Teamarbeit, vertreten eine gemeinsame Position zu den menschlichen und sozialen Problemen. Es ist unsere \u00dcberzeugung, dass genau dieses Teil des Traums von Charles de FOUCAULD an der Seite des gekreuzigten und auferstandenen Jesus ist \u2013 gelebt in jedem Mann und jeder Frau, dass er uns sieht und liebt, so wie wir ihn betrachten und lieben in der t\u00e4glichen Andacht der Eucharistie.<\/p>\n<p style=\"text-align: justify;\">Wir haben beschlossen, dass die n\u00e4chste Versammlung bei Aurelio in Spanien stattfindet. Der Termin ist vom 20. bis 29. Oktober 2015. Wir bereiten unsere Herzen und Rucks\u00e4cke jetzt schon darauf vor.<\/p>\n<p style=\"text-align: justify;\"><a href=\"http:\/\/www.iesuscaritas.org\/wp-content\/uploads\/2014\/09\/madagascar10.jpg\"><img loading=\"lazy\" decoding=\"async\" class=\"alignright size-medium wp-image-547\" src=\"http:\/\/www.iesuscaritas.org\/wp-content\/uploads\/2014\/09\/madagascar10-300x212.jpg\" alt=\"madagascar10\" width=\"300\" height=\"212\" srcset=\"https:\/\/www.iesuscaritas.org\/wp-content\/uploads\/2014\/09\/madagascar10-300x212.jpg 300w, https:\/\/www.iesuscaritas.org\/wp-content\/uploads\/2014\/09\/madagascar10.jpg 448w\" sizes=\"auto, (max-width: 300px) 100vw, 300px\" \/><\/a>Eine riesige Umarmung vom Team. Wir vertrauen auf eure Unterst\u00fctzung durch das Gebet.<\/p>\n<p>Jean Fran\u00e7ois, Emmanuel, F\u00e9lix, Mark, Mauricio und Aurelio<\/p>\n<p>Amborovy, Madagascar, 11. September 2014, der Tag unserer R\u00fcckreise<\/p>\n<p>PDF: <a href=\"http:\/\/www.iesuscaritas.org\/wp-content\/uploads\/2014\/09\/BRIEF-AUS-AMBOROVY-internacionales-team-2014-deutsch.pdf\">BRIEF AUS AMBOROVY, internacionales team, 2014, deutsch<\/a><\/p>","protected":false},"excerpt":{"rendered":"<p>Liebe Br\u00fcder, Manahoana? Wie geht\u2019s? Salama! Hallo! Wir m\u00f6chten mit euch die Erfahrung teilen, Gemeinschaft zu sein, bei der ein jeder anders sein darf. Das haben wir gef\u00fchlt, als wir <a class=\"more-link\" href=\"https:\/\/www.iesuscaritas.org\/de\/news\/equipo-internacional-setiembre-2014\/\">Continue Reading &rarr;<\/a><\/p>\n","protected":false},"author":1,"featured_media":0,"comment_status":"open","ping_status":"open","sticky":false,"template":"","format":"standard","meta":{"footnotes":""},"categories":[43,1],"tags":[11,65],"class_list":["post-536","post","type-post","status-publish","format-standard","hentry","category-internationalteam","category-news","tag-11","tag-madagascar"],"_links":{"self":[{"href":"https:\/\/www.iesuscaritas.org\/de\/wp-json\/wp\/v2\/posts\/536","targetHints":{"allow":["GET"]}}],"collection":[{"href":"https:\/\/www.iesuscaritas.org\/de\/wp-json\/wp\/v2\/posts"}],"about":[{"href":"https:\/\/www.iesuscaritas.org\/de\/wp-json\/wp\/v2\/types\/post"}],"author":[{"embeddable":true,"href":"https:\/\/www.iesuscaritas.org\/de\/wp-json\/wp\/v2\/users\/1"}],"replies":[{"embeddable":true,"href":"https:\/\/www.iesuscaritas.org\/de\/wp-json\/wp\/v2\/comments?post=536"}],"version-history":[{"count":15,"href":"https:\/\/www.iesuscaritas.org\/de\/wp-json\/wp\/v2\/posts\/536\/revisions"}],"predecessor-version":[{"id":591,"href":"https:\/\/www.iesuscaritas.org\/de\/wp-json\/wp\/v2\/posts\/536\/revisions\/591"}],"wp:attachment":[{"href":"https:\/\/www.iesuscaritas.org\/de\/wp-json\/wp\/v2\/media?parent=536"}],"wp:term":[{"taxonomy":"category","embeddable":true,"href":"https:\/\/www.iesuscaritas.org\/de\/wp-json\/wp\/v2\/categories?post=536"},{"taxonomy":"post_tag","embeddable":true,"href":"https:\/\/www.iesuscaritas.org\/de\/wp-json\/wp\/v2\/tags?post=536"}],"curies":[{"name":"wp","href":"https:\/\/api.w.org\/{rel}","templated":true}]}}