{"id":5212,"date":"2021-03-15T21:27:49","date_gmt":"2021-03-15T20:27:49","guid":{"rendered":"https:\/\/www.iesuscaritas.org\/?p=5212"},"modified":"2021-03-15T21:27:49","modified_gmt":"2021-03-15T20:27:49","slug":"mariano-puga-14-de-marzo-2021-un-ano-en-la-alegria-de-la-casa-del-padre","status":"publish","type":"post","link":"https:\/\/www.iesuscaritas.org\/de\/videos\/mariano-puga-14-de-marzo-2021-un-ano-en-la-alegria-de-la-casa-del-padre\/","title":{"rendered":"(Espa\u00f1ol) Mariano PUGA, 14 de marzo 2021: un a\u00f1o en la alegr\u00eda de la Casa del Padre"},"content":{"rendered":"<p class=\"qtranxs-available-languages-message qtranxs-available-languages-message-de\">Leider ist der Eintrag nur auf <a href=\"https:\/\/www.iesuscaritas.org\/es\/wp-json\/wp\/v2\/posts\/5212\" class=\"qtranxs-available-language-link qtranxs-available-language-link-es\" title=\"Espa\u00f1ol\">Espa\u00f1ol<\/a> verf\u00fcgbar.<\/p>","protected":false},"excerpt":{"rendered":"<p>Leider ist der Eintrag nur auf Espa\u00f1ol verf\u00fcgbar.<\/p>\n","protected":false},"author":1,"featured_media":0,"comment_status":"closed","ping_status":"closed","sticky":false,"template":"","format":"standard","meta":{"footnotes":""},"categories":[99],"tags":[],"class_list":["post-5212","post","type-post","status-publish","format-standard","hentry","category-videos"],"_links":{"self":[{"href":"https:\/\/www.iesuscaritas.org\/de\/wp-json\/wp\/v2\/posts\/5212","targetHints":{"allow":["GET"]}}],"collection":[{"href":"https:\/\/www.iesuscaritas.org\/de\/wp-json\/wp\/v2\/posts"}],"about":[{"href":"https:\/\/www.iesuscaritas.org\/de\/wp-json\/wp\/v2\/types\/post"}],"author":[{"embeddable":true,"href":"https:\/\/www.iesuscaritas.org\/de\/wp-json\/wp\/v2\/users\/1"}],"replies":[{"embeddable":true,"href":"https:\/\/www.iesuscaritas.org\/de\/wp-json\/wp\/v2\/comments?post=5212"}],"version-history":[{"count":2,"href":"https:\/\/www.iesuscaritas.org\/de\/wp-json\/wp\/v2\/posts\/5212\/revisions"}],"predecessor-version":[{"id":5214,"href":"https:\/\/www.iesuscaritas.org\/de\/wp-json\/wp\/v2\/posts\/5212\/revisions\/5214"}],"wp:attachment":[{"href":"https:\/\/www.iesuscaritas.org\/de\/wp-json\/wp\/v2\/media?parent=5212"}],"wp:term":[{"taxonomy":"category","embeddable":true,"href":"https:\/\/www.iesuscaritas.org\/de\/wp-json\/wp\/v2\/categories?post=5212"},{"taxonomy":"post_tag","embeddable":true,"href":"https:\/\/www.iesuscaritas.org\/de\/wp-json\/wp\/v2\/tags?post=5212"}],"curies":[{"name":"wp","href":"https:\/\/api.w.org\/{rel}","templated":true}]}}