{"id":3640,"date":"2018-12-20T21:06:36","date_gmt":"2018-12-20T20:06:36","guid":{"rendered":"https:\/\/www.iesuscaritas.org\/?p=3640"},"modified":"2018-12-26T18:41:49","modified_gmt":"2018-12-26T17:41:49","slug":"wend-be-ne-do-burkina-faso-informe-diciembre-2018","status":"publish","type":"post","link":"https:\/\/www.iesuscaritas.org\/de\/documentos\/wend-be-ne-do-burkina-faso-informe-diciembre-2018\/","title":{"rendered":"WEND BE NE DO, Burkina Faso: Bericht vom Dezember 2018"},"content":{"rendered":"<p><\/p>\n<p style=\"text-align: justify;\">Bericht \u00fcber den Besuch und Nachverfolgung des Projekts WEND BE NE DO (WBND) in Burkina Faso, den Kooperationspartner Carlos LLANO, Alberto HERNANDIS, Andr\u00e9s Pedro MU\u00d1OZ und Aurelio SANZ, der Stiftung Tienda Asilo in San Pedro von Cartagena (FTASP), Spanien, im Dezember 2018.<\/p>\n<p style=\"text-align: justify;\"><a href=\"https:\/\/www.iesuscaritas.org\/wp-content\/uploads\/2018\/12\/wbnd-dic-2018.jpg\"><img loading=\"lazy\" decoding=\"async\" class=\"size-large wp-image-3641\" src=\"https:\/\/www.iesuscaritas.org\/wp-content\/uploads\/2018\/12\/wbnd-dic-2018-1024x640.jpg\" alt=\"\" width=\"678\" height=\"424\" srcset=\"https:\/\/www.iesuscaritas.org\/wp-content\/uploads\/2018\/12\/wbnd-dic-2018-1024x640.jpg 1024w, https:\/\/www.iesuscaritas.org\/wp-content\/uploads\/2018\/12\/wbnd-dic-2018-300x188.jpg 300w, https:\/\/www.iesuscaritas.org\/wp-content\/uploads\/2018\/12\/wbnd-dic-2018-768x480.jpg 768w, https:\/\/www.iesuscaritas.org\/wp-content\/uploads\/2018\/12\/wbnd-dic-2018.jpg 1600w\" sizes=\"auto, (max-width: 678px) 100vw, 678px\" \/><\/a><\/p>\n<p style=\"text-align: justify;\">WBND hat bereits einen Verlauf von dreizehn Jahre in Burkina Faso, ein Referent als Projekt der Aufmerksamkeit gegen\u00fcber betroffene Menschen von HIV \/ AIDS in diesem afrikanischen Gebiet von Armut bestraft, von Korruption, von Unsicherheit\u2026 271 Erwachsene und 341 Kinder und Jugendliche sind unsere Sorgen von mehr als sechzig Freiwillige in Spanien, sieben in Burkina Faso und das \u00f6rtliche Team \u201cEstar con\u201d, bestehend aus f\u00fcnf Menschen die sie begleiten, in seine Haut stecken, nicht unempfindlich bleiben gegen\u00fcber dem Leiden anderer, an ihrem Gl\u00fcck teilzunehmen: das ist WBND.<\/p>\n<p><a href=\"https:\/\/www.iesuscaritas.org\/wp-content\/uploads\/2018\/12\/Info-WBND-Dezember-2018-deut.pdf\" target=\"_blank\" rel=\"noopener\"><img loading=\"lazy\" decoding=\"async\" class=\"aligncenter size-full wp-image-1916\" src=\"https:\/\/www.iesuscaritas.org\/wp-content\/uploads\/2016\/08\/pdf100x100.png\" alt=\"\" width=\"100\" height=\"100\" \/><\/a><\/p>","protected":false},"excerpt":{"rendered":"<p>Bericht \u00fcber den Besuch und Nachverfolgung des Projekts WEND BE NE DO (WBND) in Burkina Faso, den Kooperationspartner Carlos LLANO, Alberto HERNANDIS, Andr\u00e9s Pedro MU\u00d1OZ und Aurelio SANZ, der Stiftung <a class=\"more-link\" href=\"https:\/\/www.iesuscaritas.org\/de\/documentos\/wend-be-ne-do-burkina-faso-informe-diciembre-2018\/\">Continue Reading &rarr;<\/a><\/p>\n","protected":false},"author":1,"featured_media":0,"comment_status":"open","ping_status":"open","sticky":false,"template":"","format":"standard","meta":{"footnotes":""},"categories":[78],"tags":[],"class_list":["post-3640","post","type-post","status-publish","format-standard","hentry","category-documentos"],"_links":{"self":[{"href":"https:\/\/www.iesuscaritas.org\/de\/wp-json\/wp\/v2\/posts\/3640","targetHints":{"allow":["GET"]}}],"collection":[{"href":"https:\/\/www.iesuscaritas.org\/de\/wp-json\/wp\/v2\/posts"}],"about":[{"href":"https:\/\/www.iesuscaritas.org\/de\/wp-json\/wp\/v2\/types\/post"}],"author":[{"embeddable":true,"href":"https:\/\/www.iesuscaritas.org\/de\/wp-json\/wp\/v2\/users\/1"}],"replies":[{"embeddable":true,"href":"https:\/\/www.iesuscaritas.org\/de\/wp-json\/wp\/v2\/comments?post=3640"}],"version-history":[{"count":6,"href":"https:\/\/www.iesuscaritas.org\/de\/wp-json\/wp\/v2\/posts\/3640\/revisions"}],"predecessor-version":[{"id":3662,"href":"https:\/\/www.iesuscaritas.org\/de\/wp-json\/wp\/v2\/posts\/3640\/revisions\/3662"}],"wp:attachment":[{"href":"https:\/\/www.iesuscaritas.org\/de\/wp-json\/wp\/v2\/media?parent=3640"}],"wp:term":[{"taxonomy":"category","embeddable":true,"href":"https:\/\/www.iesuscaritas.org\/de\/wp-json\/wp\/v2\/categories?post=3640"},{"taxonomy":"post_tag","embeddable":true,"href":"https:\/\/www.iesuscaritas.org\/de\/wp-json\/wp\/v2\/tags?post=3640"}],"curies":[{"name":"wp","href":"https:\/\/api.w.org\/{rel}","templated":true}]}}