{"id":3559,"date":"2018-11-30T18:23:49","date_gmt":"2018-11-30T17:23:49","guid":{"rendered":"https:\/\/www.iesuscaritas.org\/?p=3559"},"modified":"2019-01-20T18:55:11","modified_gmt":"2019-01-20T17:55:11","slug":"carta-de-adviento-2018-hermano-responsable","status":"publish","type":"post","link":"https:\/\/www.iesuscaritas.org\/de\/letters\/aurelio-letters\/carta-de-adviento-2018-hermano-responsable\/","title":{"rendered":"Adventbrief 2018, Werlvantbortlicher Bruder"},"content":{"rendered":"<p><\/p>\n<p style=\"text-align: justify;\">Liebe Br\u00fcder,<\/p>\n<p style=\"text-align: justify;\"><a href=\"https:\/\/www.iesuscaritas.org\/wp-content\/uploads\/2018\/11\/adviento-2018-02.jpg\"><img loading=\"lazy\" decoding=\"async\" class=\"alignright size-full wp-image-3569\" src=\"https:\/\/www.iesuscaritas.org\/wp-content\/uploads\/2018\/11\/adviento-2018-02.jpg\" alt=\"\" width=\"80\" height=\"244\" \/><\/a>heute, am Festtag unseres Bruders Charles, beginnen wir den Advent. Diese vier Wochen spiegeln die Hoffnung aller Menschen wider. Unsere Menschheit, die sich in einer permanenten, vor allem humanit\u00e4ren Krise befindet, bereitet uns Leid, und unsere Kirche kann dieses Problem weder verheimlichen noch kann sie ihm gegen\u00fcber gleichg\u00fcltig sein. Die Gottesdienste mit unseren Gemeinschaften, das pers\u00f6nliche Gebet, das br\u00fcderliche Leben mit jenen, die uns nahe sind und jenen, <a href=\"https:\/\/www.iesuscaritas.org\/wp-content\/uploads\/2018\/11\/adviento-2018-01.jpg\"><img loading=\"lazy\" decoding=\"async\" class=\"alignleft size-full wp-image-3568\" src=\"https:\/\/www.iesuscaritas.org\/wp-content\/uploads\/2018\/11\/adviento-2018-01.jpg\" alt=\"\" width=\"259\" height=\"194\" \/><\/a>die fern von uns sind, all das wird unserem Weg den Rhythmus geben. Der Advent l\u00e4dt uns dazu ein, die \u201eStimme, die in der W\u00fcste ruft\u201c zu h\u00f6ren, die Stimme jener, die laut schreien, um zu \u00fcberleben, um ihrer Sehnsucht nach Frieden, nach Arbeit und nach Freiheit Ausdruck zu geben. Die Menschheit hofft weiterhin auf Befreiung. Die Armen, die eine Rettung erwarten, jene, die von Krieg bedroht sind, die Vertriebenen, die Zuflucht suchen, &#8211; ihre Zahl geht in die Millionen. Auch f\u00fcr sie kommt Jesus, und wir als Missionare m\u00fcssen ihn verk\u00fcndigen.<\/p>\n<p style=\"text-align: justify;\">Die Kirche erlebt gerade eine schwierige Zeit, eine Krise, die durch das Bekanntwerden des Missbrauchs Minderj\u00e4hriger verursacht wurde, und Papst Franziskus stellt sich dem dem\u00fctig und mutig. Das ist Zeugnis f\u00fcr die Suche nach der Wahrheit, und auch der Papst ist Zeuge der Wahrheit.<\/p>\n<p style=\"text-align: justify;\">Wir bereiten gerade unsere Weltversammlung 2019 vor. Wir sind aufgerufen, \u00fcber unsere Identit\u00e4t als missionarische Di\u00f6zesanpriester im Lichte des Charismas unseres Bruders Charles nachzudenken. Wir alle m\u00fcssen die Regionalverantwortlichen unterst\u00fctzen, f\u00fcr alle Br\u00fcder beten, f\u00fcr die Bruderschaften, die neu entstehen und f\u00fcr jene, die altern.<\/p>\n<h2 style=\"text-align: justify;\">EINE MENSCHHEIT IN DER KRISE<\/h2>\n<p style=\"text-align: justify;\"><a href=\"https:\/\/www.iesuscaritas.org\/wp-content\/uploads\/2018\/11\/adviento-2018-03.jpg\"><img loading=\"lazy\" decoding=\"async\" class=\"alignright size-medium wp-image-3570\" src=\"https:\/\/www.iesuscaritas.org\/wp-content\/uploads\/2018\/11\/adviento-2018-03-300x169.jpg\" alt=\"\" width=\"300\" height=\"169\" srcset=\"https:\/\/www.iesuscaritas.org\/wp-content\/uploads\/2018\/11\/adviento-2018-03-300x169.jpg 300w, https:\/\/www.iesuscaritas.org\/wp-content\/uploads\/2018\/11\/adviento-2018-03-768x432.jpg 768w, https:\/\/www.iesuscaritas.org\/wp-content\/uploads\/2018\/11\/adviento-2018-03-1024x576.jpg 1024w, https:\/\/www.iesuscaritas.org\/wp-content\/uploads\/2018\/11\/adviento-2018-03.jpg 1200w\" sizes=\"auto, (max-width: 300px) 100vw, 300px\" \/><\/a>Tagt\u00e4glich erreichen uns schlechte Nachrichten \u00fcber M\u00e4nner, Frauen, Kinder, Jugendliche und Alte, die aus nicht immer klar ersichtlichen Gr\u00fcnden leiden.<\/p>\n<p style=\"text-align: justify;\">Wir wissen, dass sie oft Geheiminteressen von Wirtschaftsm\u00e4chten und Regierungen unterworfen sind, die diese Realit\u00e4ten verheimlichen. Sogar in L\u00e4ndern der \u201eersten Welt\u201c geschieht das. Die Opfer von Kriegen, Gewalt, Drogenhandel, Sexismus und Armut rufen in dieser W\u00fcste, in der andere Stimmen nach Gerechtigkeit verlangen. Stimmen, die sich manchmal mit jenen vermischen, die nach Rache rufen, oder mit jenen, die sagen: \u201cSie sollen nicht her\u00fcberkommen, zur\u00fcck in ihre Heimat mit ihnen!\u201c Auch wir haben eine Stimme, die Stimme Jesu, angek\u00fcndigt von den Propheten. Eine Stimme, die aus unserem Glauben hervorgehen soll, aus unserer missionarischen Berufung, im Stil von Nazareth, was bedeutet: mit den Menschen unserer Stadt, unseres Dorfes sein, mit den einfachsten, bescheidensten von ihnen, denn nur die Armen lehren uns die Demut. Bruder Charles hat Jesus mitten unter den einfachen Menschen entdeckt: Ahmen wir ihn nach!<\/p>\n<h2 style=\"text-align: justify;\">EIN ADVENT, DER UNS EINL\u00c4DT EMPF\u00c4NGLICH ZU SEIN<\/h2>\n<p style=\"text-align: justify;\">Diese Adventzeit l\u00e4dt uns dazu ein, zu h\u00f6ren, uns Zeit zu nehmen, in einer kontemplativen Haltung dem Wort Gottes Geh\u00f6r zu schenken, Gott in der Stille anzubeten und unseren <a href=\"https:\/\/www.iesuscaritas.org\/wp-content\/uploads\/2018\/11\/adviento-2018-04.jpg\"><img loading=\"lazy\" decoding=\"async\" class=\"alignleft size-medium wp-image-3571\" src=\"https:\/\/www.iesuscaritas.org\/wp-content\/uploads\/2018\/11\/adviento-2018-04-300x101.jpg\" alt=\"\" width=\"300\" height=\"101\" srcset=\"https:\/\/www.iesuscaritas.org\/wp-content\/uploads\/2018\/11\/adviento-2018-04-300x101.jpg 300w, https:\/\/www.iesuscaritas.org\/wp-content\/uploads\/2018\/11\/adviento-2018-04-768x259.jpg 768w, https:\/\/www.iesuscaritas.org\/wp-content\/uploads\/2018\/11\/adviento-2018-04.jpg 897w\" sizes=\"auto, (max-width: 300px) 100vw, 300px\" \/><\/a>Br\u00fcdern zuzuh\u00f6ren: jenen der Bruderschaft, den Di\u00f6zesanpriestern, denen zuzuh\u00f6ren und die zu akzeptieren uns oft so schwer f\u00e4llt, so sehr zerst\u00f6ren die Vorurteile den Dialog und das Miteinander. Auch jenen Menschen zuzuh\u00f6ren, die zu uns kommen oder mit denen wir in der Pastoral oder im sozialen Bereich arbeiten oder die einfach unsere Nachbarn sind. \u00d6ffnen wir die T\u00fcr, nehmen wir sie auf, begn\u00fcgen wir uns nicht mit guten Ratschl\u00e4gen oder leichten Worten. Wenn wir unsere Armut zeigen, unsere Unf\u00e4higkeit, Gebrochenes in Ordnung zu bringen, verletzte Herzen zu heilen, dann lassen wir Gott handeln. Er ist der einzige Unverzichtbare, ja, er heilt. Jesus achtet auf alle, und er l\u00e4dt uns ein, unsere Herzen zu \u00f6ffnen und sie von der Liebe Gottes und der Liebe der Menschen \u00fcberfluten zu lassen. Wir werden die Freude, Jesus nachzufolgen, wiederfinden und wir werden vielen Menschen helfen, ihr Scheitern in Triumph zu verwandeln und sich selbst ein bisschen mehr zu lieben.<\/p>\n<h2 style=\"text-align: justify;\">EINIE LEIDENDE KIRCHE<\/h2>\n<p style=\"text-align: justify;\"><a href=\"https:\/\/www.iesuscaritas.org\/wp-content\/uploads\/2018\/11\/adviento-2018-05.jpg\"><img loading=\"lazy\" decoding=\"async\" class=\"size-medium wp-image-3572 alignright\" src=\"https:\/\/www.iesuscaritas.org\/wp-content\/uploads\/2018\/11\/adviento-2018-05-300x198.jpg\" alt=\"\" width=\"300\" height=\"198\" srcset=\"https:\/\/www.iesuscaritas.org\/wp-content\/uploads\/2018\/11\/adviento-2018-05-300x198.jpg 300w, https:\/\/www.iesuscaritas.org\/wp-content\/uploads\/2018\/11\/adviento-2018-05-768x507.jpg 768w, https:\/\/www.iesuscaritas.org\/wp-content\/uploads\/2018\/11\/adviento-2018-05.jpg 800w\" sizes=\"auto, (max-width: 300px) 100vw, 300px\" \/><\/a>Wir leiden an den Folgen des Missbrauchs von Minderj\u00e4hrigen, der in vielen Di\u00f6zesen der Welt verheimlicht wurde. Die Kirche verliert an Glaubw\u00fcrdigkeit. . . . Wir k\u00f6nnten sagen, so war es schon immer, das ist unvermeidlich . . . Aber das w\u00e4re nicht wahrheitsgetreu. Diese Krise ist bei weitem noch nicht ausgestanden. Unser Papst Franziskus leidet sehr und stellt sich der Situation, indem er im Namen der Schuldigen um Vergebung bittet, indem er zuh\u00f6rt und nach einer gerechten L\u00f6sung f\u00fcr die Opfer sucht. Dabei verdient der Papst unsere volle Unterst\u00fctzung. Bleiben wir in Verbindung mit ihm, die wir wissen, dass er auch in der eigenen Kirche Feinde hat, aber auch die Unterst\u00fctzung vieler Menschen, (Gl\u00e4ubige oder Nicht-Gl\u00e4ubige), die in ihm einen Propheten unserer Zeit sehen, einen koh\u00e4renten Menschen, der, obwohl er \u201eStaatschef\u201c ist, ein mitf\u00fchlendes Herz f\u00fcr die Leiden der Menschheit hat. Ich bin sicher, dass aus dieser Krise auch etwas Positives resultieren wird. Werden wir seine Br\u00fcder durch unser Gebet!<\/p>\n<h2 style=\"text-align: justify;\">DER 1. DEZEMBER<\/h2>\n<p style=\"text-align: justify;\"><a href=\"https:\/\/www.iesuscaritas.org\/wp-content\/uploads\/2018\/11\/adviento-2018-06.jpg\"><img loading=\"lazy\" decoding=\"async\" class=\"alignright size-medium wp-image-3581\" src=\"https:\/\/www.iesuscaritas.org\/wp-content\/uploads\/2018\/11\/adviento-2018-06-300x225.jpg\" alt=\"\" width=\"300\" height=\"225\" srcset=\"https:\/\/www.iesuscaritas.org\/wp-content\/uploads\/2018\/11\/adviento-2018-06-300x225.jpg 300w, https:\/\/www.iesuscaritas.org\/wp-content\/uploads\/2018\/11\/adviento-2018-06.jpg 709w\" sizes=\"auto, (max-width: 300px) 100vw, 300px\" \/><\/a>Vor 102 Jahren ist Charles de FOUCAULD endg\u00fcltig zum Vater heimgekehrt. Das ist ein Tag, an dem wir Gott f\u00fcr ihn danken, f\u00fcr das, was er uns an Intuition weitergegeben hat, f\u00fcr die Sendung, die er verwirklicht hat, f\u00fcr seine ein bisschen verr\u00fcckten Tr\u00e4ume. Bruder Charles hat uns geholfen, in unserer Berufung und in unserer Spiritualit\u00e4t die Freundschaft mit Jesus zu leben und mit den Menschen im kleinen Nazareth, das jeder erlebt, in seinem Alter und in seiner Lebenslust, in der Stille oder in der Zeugenschaft. Es ist ein Geschenk Gottes, das dauerhaft unser gnadenvolles Handeln verdient. Legen wir in unsere heutige Anbetung alles, was uns Bruder Charles hinterlassen hat, nicht so sehr durch seine geistlichen Schriften, als vielmehr durch das Zeugnis seines Lebens, ein Zeugnis von Liebe, Hingabe, Vertrauen und Gro\u00dfz\u00fcgigkeit. Wiederholen wir sein Gebet der Hingabe, selbst wenn es uns schwer f\u00e4llt, es ganz zu unserem zu machen.<\/p>\n<h2 style=\"text-align: justify;\">UNSERE WELTVERSAMMLUNG<\/h2>\n<p style=\"text-align: justify;\">Vom 15. \u2013 30. J\u00e4nner findet unsere Versammlung in C\u00e9bu auf den Philippinen statt. Das Hauptthema ist die Vertiefung unseres Seins als missionarische Di\u00f6zesanpriester im Lichte des Charismas von Bruder Charles. Alle Details die Versammlung betreffend sind im Internet unter iesuscaritas.org nachzulesen.<\/p>\n<p style=\"text-align: justify;\"><a href=\"https:\/\/www.iesuscaritas.org\/wp-content\/uploads\/2018\/11\/adviento-2018-07.jpg\"><img loading=\"lazy\" decoding=\"async\" class=\"alignleft  wp-image-3574\" src=\"https:\/\/www.iesuscaritas.org\/wp-content\/uploads\/2018\/11\/adviento-2018-07.jpg\" alt=\"\" width=\"164\" height=\"194\" \/><\/a>Im gr\u00fcnen Streifen der Begr\u00fc\u00dfungsseite befinden sich der Fragebogen f\u00fcr die Vorbereitung, das Programm der Versammlung und das Anmeldeformular. \u2026. Derzeit haben sich erst wenige angemeldet und nur ein Kontinent (Amerika) hat uns bisher Antworten auf den Fragebogen zugeschickt, au\u00dferdem noch einige regionale Bruderschaften. Ich wei\u00df, dass viele sehr besch\u00e4ftigt sind. Stellen wir uns jetzt dieser Aufgabe! Nur Mut! Raffen wir uns auf! Ich freue mich schon auf eure Zusendungen.<\/p>\n<p style=\"text-align: justify;\">Zur Versammlung werden alle Regionalverantwortlichen und alle Delegierten kommen, au\u00dferdem die ehemaligen internationalen Verantwortlichen und die Verantwortlichen der Kontinente. Manche Br\u00fcder haben ein Problem damit, die Reisekosten zu bezahlen; die Weltbruderschaft \u00fcbernimmt das soweit m\u00f6glich, aber im Moment ist es schwierig, alle Ansuchen zu befriedigen. Manche europ\u00e4ische und amerikanische Bruderschaften haben auf das Problem reagiert, indem sie die Reisekosten f\u00fcr einen afrikanischen oder amerikanischen Bruder \u00fcbernommen haben. \u2026 Danke. Ich bitte euch, Br\u00fcdern aus Haiti, Burkina Faso, Zentralafrika, dem Tschad, Kongo, Kamerun, Madagaskar, Pakistan, Indien und Bangladesch zu helfen, die ihr Flugticket noch nicht haben. Das ist eine wichtige M\u00fche f\u00fcr den Erfolg unserer Versammlung! Wir werden unseren n\u00e4chsten internationalen Verantwortlichen und seine Mannschaft w\u00e4hlen, die, dessen bin ich sicher, uns dabei helfen werden, ausgehend von den realen Situationen und von unseren Tr\u00e4umen, Bruderschaft zu sein.<\/p>\n<h2 style=\"text-align: justify;\">UNTERWEGS NACH WEIHNACHTEN<\/h2>\n<p style=\"text-align: justify;\"><a href=\"https:\/\/www.iesuscaritas.org\/wp-content\/uploads\/2018\/11\/adviento-2018-08.jpg\"><img loading=\"lazy\" decoding=\"async\" class=\"alignleft size-medium wp-image-3575\" src=\"https:\/\/www.iesuscaritas.org\/wp-content\/uploads\/2018\/11\/adviento-2018-08-300x199.jpg\" alt=\"\" width=\"300\" height=\"199\" srcset=\"https:\/\/www.iesuscaritas.org\/wp-content\/uploads\/2018\/11\/adviento-2018-08-300x199.jpg 300w, https:\/\/www.iesuscaritas.org\/wp-content\/uploads\/2018\/11\/adviento-2018-08.jpg 720w\" sizes=\"auto, (max-width: 300px) 100vw, 300px\" \/><\/a>Wir wollen den besten Platz in unserem Leben dem geben, der kommt, um zu bleiben. Die Engel haben den Hirten die gute Nachricht gebracht und sie k\u00fcndigen uns gro\u00dfe Freuden an. Es gibt Engel, denen wir an der T\u00fcr, am Telefon oder in der Stra\u00dfe begegnen und die uns, ohne dass sie es wissen, sagen, dass Gott uns nahe ist. Es gibt Gesichter, in denen wir Jesus im Krankenhaus, im Gef\u00e4ngnis, in den Fl\u00fcchtlingslagern begegnen. Engel in Gestalt kranker oder alter Menschen, die f\u00fcr die Kirche viel getan haben, f\u00fcr die Bruderschaft, f\u00fcr die Armen. Gesichter anonymer Personen, die Gutes tun ohne daf\u00fcr etwas zu erwarten. Die Engel, einfache Leute in unseren Pfarren, die uns in der pastoralen Arbeit unterst\u00fctzen oder durch ihre Gegenwart bei unseren Gottesdiensten oder die uns ihr Bestes geben durch ihre N\u00e4he und Freundschaft. Das sind Engel ohne Fl\u00fcgel, deren Stimme widerhallt.<\/p>\n<p style=\"text-align: justify;\">Mit dieser Hoffnung auf eine bessere Welt, auf eine von den Betr\u00fcbnissen der Vergangenheit befreiten Kirche, auf eine Gemeinschaft von Br\u00fcdern im Dienst f\u00fcr das Reich Gottes, auf eine durch das Bem\u00fchen um Frieden und Gleichheit erneuerte Welt w\u00fcnsche ich euch eine von Gott und unserem Bruder und Freund Jesus erf\u00fcllte Weihnacht. Ein gro\u00dfes abrazo.<\/p>\n<p style=\"text-align: justify;\"><a href=\"https:\/\/www.iesuscaritas.org\/wp-content\/uploads\/2018\/11\/adviento-2018-09.jpg\"><img loading=\"lazy\" decoding=\"async\" class=\"alignright wp-image-3576\" src=\"https:\/\/www.iesuscaritas.org\/wp-content\/uploads\/2018\/11\/adviento-2018-09-273x300.jpg\" alt=\"\" width=\"137\" height=\"150\" srcset=\"https:\/\/www.iesuscaritas.org\/wp-content\/uploads\/2018\/11\/adviento-2018-09-273x300.jpg 273w, https:\/\/www.iesuscaritas.org\/wp-content\/uploads\/2018\/11\/adviento-2018-09.jpg 401w\" sizes=\"auto, (max-width: 137px) 100vw, 137px\" \/><\/a>Aurelio SANZ BAEZA, Weltverantwortlicher Bruder<\/p>\n<p style=\"text-align: justify;\">Per\u00ednn, Carthag\u00e8ne, Murcia, Spanien, 1. Dezember 2018,<br \/>\nFest des seligen Charles de FOUCAULD<\/p>\n<p style=\"text-align: justify;\">(Danke an Matthias KEIL die Erleichterung der deutschen \u00dcbersetzung)<\/p>\n<p>PDF: <a href=\"https:\/\/www.iesuscaritas.org\/wp-content\/uploads\/2018\/11\/Adventbrief-2018-Werlvantbortlicher-Bruder-deut.pdf\">Adventbrief 2018, Werlvantbortlicher Bruder, deut<\/a><\/p>","protected":false},"excerpt":{"rendered":"<p>Liebe Br\u00fcder, heute, am Festtag unseres Bruders Charles, beginnen wir den Advent. Diese vier Wochen spiegeln die Hoffnung aller Menschen wider. Unsere Menschheit, die sich in einer permanenten, vor allem <a class=\"more-link\" href=\"https:\/\/www.iesuscaritas.org\/de\/letters\/aurelio-letters\/carta-de-adviento-2018-hermano-responsable\/\">Continue Reading &rarr;<\/a><\/p>\n","protected":false},"author":1,"featured_media":0,"comment_status":"open","ping_status":"open","sticky":false,"template":"","format":"standard","meta":{"footnotes":""},"categories":[5],"tags":[],"class_list":["post-3559","post","type-post","status-publish","format-standard","hentry","category-aurelio-letters"],"_links":{"self":[{"href":"https:\/\/www.iesuscaritas.org\/de\/wp-json\/wp\/v2\/posts\/3559","targetHints":{"allow":["GET"]}}],"collection":[{"href":"https:\/\/www.iesuscaritas.org\/de\/wp-json\/wp\/v2\/posts"}],"about":[{"href":"https:\/\/www.iesuscaritas.org\/de\/wp-json\/wp\/v2\/types\/post"}],"author":[{"embeddable":true,"href":"https:\/\/www.iesuscaritas.org\/de\/wp-json\/wp\/v2\/users\/1"}],"replies":[{"embeddable":true,"href":"https:\/\/www.iesuscaritas.org\/de\/wp-json\/wp\/v2\/comments?post=3559"}],"version-history":[{"count":12,"href":"https:\/\/www.iesuscaritas.org\/de\/wp-json\/wp\/v2\/posts\/3559\/revisions"}],"predecessor-version":[{"id":3591,"href":"https:\/\/www.iesuscaritas.org\/de\/wp-json\/wp\/v2\/posts\/3559\/revisions\/3591"}],"wp:attachment":[{"href":"https:\/\/www.iesuscaritas.org\/de\/wp-json\/wp\/v2\/media?parent=3559"}],"wp:term":[{"taxonomy":"category","embeddable":true,"href":"https:\/\/www.iesuscaritas.org\/de\/wp-json\/wp\/v2\/categories?post=3559"},{"taxonomy":"post_tag","embeddable":true,"href":"https:\/\/www.iesuscaritas.org\/de\/wp-json\/wp\/v2\/tags?post=3559"}],"curies":[{"name":"wp","href":"https:\/\/api.w.org\/{rel}","templated":true}]}}