{"id":3435,"date":"2018-08-30T17:30:09","date_gmt":"2018-08-30T15:30:09","guid":{"rendered":"https:\/\/www.iesuscaritas.org\/?p=3435"},"modified":"2019-01-18T20:37:18","modified_gmt":"2019-01-18T19:37:18","slug":"carta-a-gianantonio-28-agosto-2018","status":"publish","type":"post","link":"https:\/\/www.iesuscaritas.org\/de\/letters\/carta-a-gianantonio-28-agosto-2018\/","title":{"rendered":"Brief an Gianantonio, 28 August 2018"},"content":{"rendered":"<p><\/p>\n<p style=\"text-align: justify;\">Lieber Bruder,<br \/>\n<a href=\"https:\/\/www.iesuscaritas.org\/wp-content\/uploads\/2018\/08\/gianantonio-01.jpg\"><img loading=\"lazy\" decoding=\"async\" class=\"alignright size-full wp-image-3437\" src=\"https:\/\/www.iesuscaritas.org\/wp-content\/uploads\/2018\/08\/gianantonio-01.jpg\" alt=\"\" width=\"199\" height=\"199\" srcset=\"https:\/\/www.iesuscaritas.org\/wp-content\/uploads\/2018\/08\/gianantonio-01.jpg 199w, https:\/\/www.iesuscaritas.org\/wp-content\/uploads\/2018\/08\/gianantonio-01-150x150.jpg 150w\" sizes=\"auto, (max-width: 199px) 100vw, 199px\" \/><\/a>heute Morgen hast Du Dein Osterfest gefeiert und der Herr hat Dich als seinen innig geliebten Sohn in seine Arme genommen. Wir haben viel f\u00fcr Dich gebetet und unsere Bitten waren nicht vergebens. Du bist jetzt am besten Platz der Seligen, Du, der Du 57 Tage lang die Entf\u00fchrung in Kamerun erlitten hast, Du, der Du nie w\u00e4hrend der Krankheit in diesem Jahr die Hoffnung verloren hast, Du hast uns allen gezeigt, was Frieden und Vertrauen hei\u00dft. \u201eMit unendlichem Vertrauen\u2026\u201d Du, der Du das Gebet der Hingabe mit Leben erf\u00fcllt hast wie zuvor Charles de FOUCAULD. Dich lieben alle, denen Du gedient hast, mit denen Du gearbeitet hast\u2026 Dir muss ich danken f\u00fcr das wertvolle Zeugnis Deines Lebens: Du hast nie aufgegeben und hast die Aufgabe, die der Herr Dir anvertraut hat, nicht andere erledigen lassen.<\/p>\n<p style=\"text-align: justify;\"><a href=\"https:\/\/www.iesuscaritas.org\/wp-content\/uploads\/2018\/08\/gianantonio-02.jpg\"><img loading=\"lazy\" decoding=\"async\" class=\"alignleft size-full wp-image-3438\" src=\"https:\/\/www.iesuscaritas.org\/wp-content\/uploads\/2018\/08\/gianantonio-02.jpg\" alt=\"\" width=\"261\" height=\"193\" \/><\/a>Dein Abschied schmerzt, aber ich wei\u00df, er ist nur auf Zeit. Wir geh\u00f6ren zur Br\u00fcderschaft der Kinder Gottes und erinnern uns an die Kampagne des Kettengebets auf der ganzen Welt f\u00fcr Deine Befreiung, als Du zusammen mit Gilberte entf\u00fchrt warst. Gilberte konnte ich zu meiner Freude in Montreal besuchen. Dort zeigte sie mir die Dinge, die sie von der Zeit der Entf\u00fchrung aufbewahrt hat. Auch besuchte ich Giampaolo, Deinen Missionsbruder in Kamerun. Wie habe ich mich damals \u00fcber die Nachricht Eurer Befreiung gefreut! In vielen Kirchen Spaniens, Italiens, an so vielen Orten ert\u00f6nten die Kirchenglocken an jenem Osterfest 2014. Deine Entf\u00fchrung war Anlass, unser Augenmerk auf die fehlende Freiheit in so gro\u00dfen Bereichen der Menschheit zu richten: bei den unterdr\u00fcckten V\u00f6lkern, bei den \u00c4rmsten der Armen, auf den Stiefel des M\u00e4chtigen, der die einfachen Menschen <a href=\"https:\/\/www.iesuscaritas.org\/wp-content\/uploads\/2018\/08\/gianantonio-03.jpg\"><img loading=\"lazy\" decoding=\"async\" class=\"alignright size-medium wp-image-3439\" src=\"https:\/\/www.iesuscaritas.org\/wp-content\/uploads\/2018\/08\/gianantonio-03-300x132.jpg\" alt=\"\" width=\"300\" height=\"132\" srcset=\"https:\/\/www.iesuscaritas.org\/wp-content\/uploads\/2018\/08\/gianantonio-03-300x132.jpg 300w, https:\/\/www.iesuscaritas.org\/wp-content\/uploads\/2018\/08\/gianantonio-03.jpg 338w\" sizes=\"auto, (max-width: 300px) 100vw, 300px\" \/><\/a>zermalmt, auf die Manipulation von Menschenleben aus wirtschaftlichem Interesse, auf die M\u00e4chtigen, die sich feige verstecken und sich nur durch die Tr\u00e4ger ihrer Kriegsbeile zeigen \u2026 Aber der Mensch und seine Rechte, so wiederholt es wieder und wieder Papst Franziskus, stehen \u00fcber aller Ideologie.<\/p>\n<p style=\"text-align: justify;\"><a href=\"https:\/\/www.iesuscaritas.org\/wp-content\/uploads\/2018\/08\/gianantonio-04.jpg\"><img loading=\"lazy\" decoding=\"async\" class=\"alignleft size-full wp-image-3440\" src=\"https:\/\/www.iesuscaritas.org\/wp-content\/uploads\/2018\/08\/gianantonio-04.jpg\" alt=\"\" width=\"299\" height=\"168\" \/><\/a>Deine Br\u00fcderschaft in Italien, Deine Familie, Deine Di\u00f6zese Vicenza, Deine Freunde in Kamerun, sie alle werden Dich vermissen. Alle Br\u00fcder der Priesterbr\u00fcderschaft haben an Dir das Beispiel des engagierten Missionars, mutig, Mann Gottes, der Spuren hinterl\u00e4sst, mit denen er uns alle ermutigt, weiterhin f\u00fcr das Reich Gottes und seine Gerechtigkeit zu arbeiten. Giampaolo, Dein Missionsgef\u00e4hrte im Kamerun wird diesen Samen des Reiches weiter s\u00e4en, der so klein und unbedeutend in unserer Welt aufgeht und dann so gro\u00df wird.<\/p>\n<p style=\"text-align: justify;\"><a href=\"https:\/\/www.iesuscaritas.org\/wp-content\/uploads\/2018\/08\/gianantonio-05.jpg\"><img loading=\"lazy\" decoding=\"async\" class=\"alignleft size-full wp-image-3441\" src=\"https:\/\/www.iesuscaritas.org\/wp-content\/uploads\/2018\/08\/gianantonio-05.jpg\" alt=\"\" width=\"282\" height=\"179\" \/><\/a>Ich freue mich, Dich pers\u00f6nlich kennen gelernt zu haben. Das war in Castelfranco, Italien, 2015, und im vergangenen Sommer in Rudy, Polen. Dort nahmen wir gemeinsam an der Europaversammlung der Br\u00fcderschaft teil. Irgendwie f\u00fchlte ich, dass Du Dich um Deine Gesundheit k\u00fcmmern musstest und so habe ich es Dir auch gesagt. In den letzten Monaten standen wir in Kontakt und ich habe voller Sorge Deinen Krankheitsverlauf verfolgt. Heute danke ich dem Herrn f\u00fcr Dein Leben, daf\u00fcr, mit welcher menschlichen Gr\u00f6\u00dfe Du Dich den Pr\u00fcfungen gestellt hast. Das hat mich gelehrt, die negativen Seiten des Lebens einzusch\u00e4tzen im Wissen, dass das Weizenkorn, das nicht stirbt, auch keine Frucht bringt. Wie Bruder Charles hast Du alles f\u00fcr die Benachteiligten hingegeben und das erf\u00fcllt mich mit Freude trotz des Schmerzes der Trennung. Ich bin mir gewiss, dass aus allem Leidvollen etwas Neues, Unerwartetes, Positives und Gutes f\u00fcr uns und alle anderen entsteht. Du hast mich gelehrt, Geduld und Frieden zu haben. Ich danke Dir daf\u00fcr.<\/p>\n<p style=\"text-align: justify;\">Bitte f\u00fcr uns vor Gott, der Dich heute mit Gnade und Liebe \u00fcberh\u00e4uft.<\/p>\n<p style=\"text-align: justify;\">Wir denken immer an Dich.<\/p>\n<p style=\"text-align: justify;\">Aurelio SANZ BAEZA, Priesterbr\u00fcderschaft Iesus Caritas,<br \/>\nVerantwortlicher Bruder<\/p>\n<p style=\"text-align: justify;\">Per\u00edn, Cartagena, Murcia, Spanien, 28. August 2018, Martyrium von Johannes dem T\u00e4ufer<\/p>\n<h2 style=\"text-align: justify;\">Biografie:<\/h2>\n<p style=\"text-align: justify;\"><a href=\"https:\/\/www.iesuscaritas.org\/wp-content\/uploads\/2018\/08\/gianantonio-06.png\"><img loading=\"lazy\" decoding=\"async\" class=\"alignright size-full wp-image-3442\" src=\"https:\/\/www.iesuscaritas.org\/wp-content\/uploads\/2018\/08\/gianantonio-06.png\" alt=\"\" width=\"122\" height=\"151\" \/><\/a>Gianantonio ALLEGRI, Mitglied der Priesterbr\u00fcderschaft Iesus Caritas. Geboren 1957 in Pievebelcino (Vicenza, Italien) Priesterweihe 1982. Vikar in verschiedenen Gemeinde der Di\u00f6zese Vicenza. Von 1991 bis 2001 war er fidei donum, Missionar in Kamerun. Nach seiner R\u00fcckkehr war er Pfarrer in Magr\u00e9 di Schio bis 2013. Danach ging er wieder nach Kamerun, wo er von Boko Haram 57 Tage lang entf\u00fchrt wurde, zusammen mit seinen Gef\u00e4hrten, der Schwester Gilberte BOUSSI\u00c8RE, aus Quebec, und Giampaolo MARTA, der auch aus der Di\u00f6zese Vicenza stammt. Nach seiner Befreiung kehrt er in die Di\u00f6zese zur\u00fcck und war Pfarrer der Gemeinde Santa Maria Bertilla in Vicenza.<\/p>\n<p style=\"text-align: justify;\">Nach einem Jahr des Kampfes gegen den Krebs hat ihn der Vater heute Morgen in seine Arme geschlossen.<\/p>\n<p>PDF: <a href=\"https:\/\/www.iesuscaritas.org\/wp-content\/uploads\/2018\/08\/Brief-an-Gianantonio-28-August-2018-deut.pdf\">Brief an Gianantonio, 28 August 2018, deut<\/a><\/p>","protected":false},"excerpt":{"rendered":"<p>Lieber Bruder, heute Morgen hast Du Dein Osterfest gefeiert und der Herr hat Dich als seinen innig geliebten Sohn in seine Arme genommen. Wir haben viel f\u00fcr Dich gebetet und <a class=\"more-link\" href=\"https:\/\/www.iesuscaritas.org\/de\/letters\/carta-a-gianantonio-28-agosto-2018\/\">Continue Reading &rarr;<\/a><\/p>\n","protected":false},"author":1,"featured_media":0,"comment_status":"open","ping_status":"open","sticky":false,"template":"","format":"standard","meta":{"footnotes":""},"categories":[3],"tags":[],"class_list":["post-3435","post","type-post","status-publish","format-standard","hentry","category-letters"],"_links":{"self":[{"href":"https:\/\/www.iesuscaritas.org\/de\/wp-json\/wp\/v2\/posts\/3435","targetHints":{"allow":["GET"]}}],"collection":[{"href":"https:\/\/www.iesuscaritas.org\/de\/wp-json\/wp\/v2\/posts"}],"about":[{"href":"https:\/\/www.iesuscaritas.org\/de\/wp-json\/wp\/v2\/types\/post"}],"author":[{"embeddable":true,"href":"https:\/\/www.iesuscaritas.org\/de\/wp-json\/wp\/v2\/users\/1"}],"replies":[{"embeddable":true,"href":"https:\/\/www.iesuscaritas.org\/de\/wp-json\/wp\/v2\/comments?post=3435"}],"version-history":[{"count":13,"href":"https:\/\/www.iesuscaritas.org\/de\/wp-json\/wp\/v2\/posts\/3435\/revisions"}],"predecessor-version":[{"id":3462,"href":"https:\/\/www.iesuscaritas.org\/de\/wp-json\/wp\/v2\/posts\/3435\/revisions\/3462"}],"wp:attachment":[{"href":"https:\/\/www.iesuscaritas.org\/de\/wp-json\/wp\/v2\/media?parent=3435"}],"wp:term":[{"taxonomy":"category","embeddable":true,"href":"https:\/\/www.iesuscaritas.org\/de\/wp-json\/wp\/v2\/categories?post=3435"},{"taxonomy":"post_tag","embeddable":true,"href":"https:\/\/www.iesuscaritas.org\/de\/wp-json\/wp\/v2\/tags?post=3435"}],"curies":[{"name":"wp","href":"https:\/\/api.w.org\/{rel}","templated":true}]}}