{"id":2530,"date":"2017-06-05T17:51:22","date_gmt":"2017-06-05T15:51:22","guid":{"rendered":"http:\/\/www.iesuscaritas.org\/?p=2530"},"modified":"2018-01-27T18:06:57","modified_gmt":"2018-01-27T17:06:57","slug":"felix","status":"publish","type":"post","link":"https:\/\/www.iesuscaritas.org\/de\/news\/felix\/","title":{"rendered":"F\u00e9lix"},"content":{"rendered":"<p><\/p>\n<p style=\"text-align: justify;\">Unser Bruder F\u00e9lix RAJAONARIVELO<\/p>\n<p>Mitglied des Internationalen Teams und Verantwortlicher f\u00fcr den Afrikanischen Kontinent<\/p>\n<p style=\"text-align: justify;\"><a href=\"http:\/\/www.iesuscaritas.org\/wp-content\/uploads\/2017\/06\/felix-rajaonarivelo-01.jpg\"><img loading=\"lazy\" decoding=\"async\" class=\"alignright size-medium wp-image-2531\" src=\"http:\/\/www.iesuscaritas.org\/wp-content\/uploads\/2017\/06\/felix-rajaonarivelo-01-233x300.jpg\" alt=\"\" width=\"233\" height=\"300\" srcset=\"https:\/\/www.iesuscaritas.org\/wp-content\/uploads\/2017\/06\/felix-rajaonarivelo-01-233x300.jpg 233w, https:\/\/www.iesuscaritas.org\/wp-content\/uploads\/2017\/06\/felix-rajaonarivelo-01.jpg 286w\" sizes=\"auto, (max-width: 233px) 100vw, 233px\" \/><\/a>Felix ist nach seiner Leberkrebserkrankung nun zum Vater gegangen.<\/p>\n<p style=\"text-align: justify;\">Er wurde in einem Krankenhaus in Bangalore, Indien, behandelt, st\u00e4ndig begleitet von vielen Br\u00fcdern der Br\u00fcderschaft und seiner Familie. Er kehrte nach Madagaskar am 8. Mai \u00a0zur\u00fcck und am Vorabend von Pfingsten um 14:50 Uhr \u00fcbergab er seinen Geist an Gott \u00a0in Carmel Amborovy, wo wir im Jahr 2014 unser Treffen des internationalen Teams hatten, \u00a0und begann das Leben der Seligen.<\/p>\n<p style=\"text-align: justify;\">Heute, am 5. Juni, wird die Messe der Auferstehung in der Kathedrale von Mahajanga gefeiert<\/p>\n<p style=\"text-align: justify;\"><a href=\"http:\/\/www.iesuscaritas.org\/wp-content\/uploads\/2017\/06\/felix-rajaonarivelo-03.png\"><img loading=\"lazy\" decoding=\"async\" class=\"alignleft size-full wp-image-2533\" src=\"http:\/\/www.iesuscaritas.org\/wp-content\/uploads\/2017\/06\/felix-rajaonarivelo-03.png\" alt=\"\" width=\"171\" height=\"133\" \/><\/a>Ich bin traurig und gl\u00fccklich zugleich. Dieser liebe Bruder hinterl\u00e4sst eine L\u00fccke, aber zur gleichen Zeit schenkt er Hoffnung. Felix hat viel der Br\u00fcderschaft und der Kirche in Madagaskar gegeben, und sein Leben\u00a0 ermutigt uns, weiter Jesus auf die Art Nazareths zu verk\u00fcnden. Er wird uns vor dem Vater mit seiner F\u00fcrsprache und unwandelbarem L\u00e4cheln helfen.<\/p>\n<p style=\"text-align: justify;\">Dem internationalen Team und allen Br\u00fcdern der Priestergemeinschaft von Iesus Caritas in der Welt, zusammen mit \u00a0der Familie von Charles de Foucauld von Madagaskar \u00a0ist das Herz schwer; Felix wird unsere Traurigkeit in Freude verwandeln, wie der auferstandene Jesus bei seinen Freunden.<\/p>\n<p style=\"text-align: justify;\"><a href=\"http:\/\/www.iesuscaritas.org\/wp-content\/uploads\/2017\/06\/felix-rajaonarivelo-02.jpg\"><img loading=\"lazy\" decoding=\"async\" class=\"size-full wp-image-2532 aligncenter\" src=\"http:\/\/www.iesuscaritas.org\/wp-content\/uploads\/2017\/06\/felix-rajaonarivelo-02.jpg\" alt=\"\" width=\"413\" height=\"233\" srcset=\"https:\/\/www.iesuscaritas.org\/wp-content\/uploads\/2017\/06\/felix-rajaonarivelo-02.jpg 413w, https:\/\/www.iesuscaritas.org\/wp-content\/uploads\/2017\/06\/felix-rajaonarivelo-02-300x169.jpg 300w\" sizes=\"auto, (max-width: 413px) 100vw, 413px\" \/><\/a>Dat Danke, Felix, f\u00fcr alles, was du uns gegeben hast. Vielen Dank f\u00fcr dein Nazareth und deine Gastfreundschaft. F\u00fcr immer wirst du bei uns sein.<\/p>\n<p style=\"text-align: justify;\">Aurelio SANZ BAEZA,<br \/>\nVerantwortlicher Bruder<\/p>\n<p style=\"text-align: justify;\">5 Juni 2017<\/p>\n<p style=\"text-align: justify;\">PDF: <a href=\"http:\/\/www.iesuscaritas.org\/wp-content\/uploads\/2017\/06\/F\u00e9lix-de.pdf\">F\u00e9lix, de<\/a><\/p>\n<p><\/p>","protected":false},"excerpt":{"rendered":"<p>Unser Bruder F\u00e9lix RAJAONARIVELO Mitglied des Internationalen Teams und Verantwortlicher f\u00fcr den Afrikanischen Kontinent Felix ist nach seiner Leberkrebserkrankung nun zum Vater gegangen. Er wurde in einem Krankenhaus in Bangalore, <a class=\"more-link\" href=\"https:\/\/www.iesuscaritas.org\/de\/news\/felix\/\">Continue Reading &rarr;<\/a><\/p>\n","protected":false},"author":1,"featured_media":0,"comment_status":"open","ping_status":"open","sticky":false,"template":"","format":"standard","meta":{"footnotes":""},"categories":[1],"tags":[],"class_list":["post-2530","post","type-post","status-publish","format-standard","hentry","category-news"],"_links":{"self":[{"href":"https:\/\/www.iesuscaritas.org\/de\/wp-json\/wp\/v2\/posts\/2530","targetHints":{"allow":["GET"]}}],"collection":[{"href":"https:\/\/www.iesuscaritas.org\/de\/wp-json\/wp\/v2\/posts"}],"about":[{"href":"https:\/\/www.iesuscaritas.org\/de\/wp-json\/wp\/v2\/types\/post"}],"author":[{"embeddable":true,"href":"https:\/\/www.iesuscaritas.org\/de\/wp-json\/wp\/v2\/users\/1"}],"replies":[{"embeddable":true,"href":"https:\/\/www.iesuscaritas.org\/de\/wp-json\/wp\/v2\/comments?post=2530"}],"version-history":[{"count":10,"href":"https:\/\/www.iesuscaritas.org\/de\/wp-json\/wp\/v2\/posts\/2530\/revisions"}],"predecessor-version":[{"id":2619,"href":"https:\/\/www.iesuscaritas.org\/de\/wp-json\/wp\/v2\/posts\/2530\/revisions\/2619"}],"wp:attachment":[{"href":"https:\/\/www.iesuscaritas.org\/de\/wp-json\/wp\/v2\/media?parent=2530"}],"wp:term":[{"taxonomy":"category","embeddable":true,"href":"https:\/\/www.iesuscaritas.org\/de\/wp-json\/wp\/v2\/categories?post=2530"},{"taxonomy":"post_tag","embeddable":true,"href":"https:\/\/www.iesuscaritas.org\/de\/wp-json\/wp\/v2\/tags?post=2530"}],"curies":[{"name":"wp","href":"https:\/\/api.w.org\/{rel}","templated":true}]}}