{"id":232,"date":"2014-02-25T19:17:32","date_gmt":"2014-02-25T18:17:32","guid":{"rendered":"http:\/\/www.iesuscaritas.org\/?p=232"},"modified":"2014-03-23T21:17:01","modified_gmt":"2014-03-23T20:17:01","slug":"carta-adviento-2013-hermano-responsable","status":"publish","type":"post","link":"https:\/\/www.iesuscaritas.org\/de\/letters\/aurelio-letters\/carta-adviento-2013-hermano-responsable\/","title":{"rendered":"Rumdbrief Advent 2013 Verantwortlicher Bruder"},"content":{"rendered":"<p>RUMDBRIEF ZUM ADVENT 2013<br \/>\nVERANTWORTLICHER BRUDER PRIESTERGEMEINSCHAFT IESUS CARITAS<br \/>\nLiebe Br\u00fcder,<br \/>\nwenn ihr diesen Brief in H\u00e4nden h\u00e4lt, feiern wir gerade den Jahrestag von Charles de FOUCAULD, zugleich Beginn des Advents, oder wir haben ihn dann gerade gefeiert. Die Aktualit\u00e4t seiner Botschaft f\u00fcr unsere Kirche ist nicht abzustreiten. Sie ist nicht nur eine spirituelle Botschaft , eine Art, den Glauben zu leben: Sie ist eine Lebensweise. Nazareth zu leben zusammen mit Gl\u00e4ubigen und Nichtgl\u00e4ubigen im eigenen Kulturkreis<br \/>\noder auch durch das Erleben in einem v\u00f6llig anderen, den<br \/>\nlebendigen Jesus erfahren lassen nicht durch religi\u00f6se<br \/>\n\u00c4u\u00dferlichkeiten, sondern durch die N\u00e4he zu den<br \/>\nMenschen, ohne etwas Besonderes zu sein. Papst<br \/>\nFranziskus stimmt mit dem Charisma von Charles de<br \/>\nFOUCAULD \u00fcberein, wenn er sagt, dass wir in die<br \/>\nRandbereiche gehen sollen, wo man nicht von Gott<br \/>\nsprechen h\u00f6rt, wo die von allen Vergessenen sind, die<br \/>\nnicht einmal den Wunsch \u00e4u\u00dfern, von Gott zu h\u00f6ren, oder<br \/>\ndie einen anderen als unseren Glauben leben oder wo der Gott des Geldes seine Normen und \u201eLiturgie\u201c einsetzt. Ein jeder von uns kennt diese Randbereiche. Die Sprache und das Zeugnis des Papstes dringen zu den Armen wirklich durch, und wir wissen, dass das f\u00fcr viele Kirchenm\u00e4nner und M\u00e4chtige unbequem ist. Andere denken, er ist ein Demagoge und Populist&#8230; Reformen gefallen nicht immer allen, weil sie uns aus unserer Bequemlichkeit und Alltagsroutine rei\u00dfen. Es ist ein Aufruf auch an uns , dar\u00fcber nachzudenken, ob wir uns \u00e4ndern, erneuern oder umwandeln wollen und welchen Widerstand wir dazu in uns selbst finden. Nach Nazareth zur\u00fcckkehren, zum Pilgerer werden, auch wenn wir immer im selben Haus leben&#8230;<br \/>\nWir verfolgen mit Sorge die Situation der Br\u00fcder, die in L\u00e4ndern mit gro\u00dfen Problemen leben: Philippinen, Zentralafrika, Honduras&#8230;Wir beten f\u00fcr sie<br \/>\nund ihre Mitmenschen.<br \/>\nIm Juni habe ich an den Einkehrtagen der Br\u00fcder in Argentinien im Oktober bei den Br\u00fcdern in Chile. Diese lateinamerikanischen Br\u00fcder sind \u201etapfer\u201c und engagiert. Mit Hoffnung und<br \/>\n\ufffc\ufffc\ufffc\ufffc\ufffcteilgenommen,<br \/>\n\ufffc\ufffcFreude arbeiten sie an der Vorbereitung der n\u00e4chsten Panamerikanischen Versammlung, vielleicht im Jahr 2015. Im Januar 2014 fahre ich zum ersten Mal nach Mexiko zu der dortigen Jahreseinkehrzeit und das wird ein interessanter Moment, um unsere Beziehung zu den Br\u00fcdern dort zu verst\u00e4rken. Die Fraternit\u00e4t in Italien hat mich im November als Pilgerer in ihrer Versammlung in Loreto, Ancona, aufgenommen, und ich konnte mit ihnen ihre Erlebnisse, Tr\u00e4ume und Sorgen teilen: die Erfahrung einiger betagter Br\u00fcder, die seit Beginn der Gemeinschaft dabei sind, war f\u00fcr mich eine Lektion an Demut und Weisheit.<br \/>\nIn diesem Advent, was f\u00fcr ein passender Moment, einen oder mehrer Tage f\u00fcr einen W\u00fcstentag zu bewahren, bereit zu h\u00f6ren, in Einsamkeit Gott Zeit zu geben, in ihm verharren, nicht in unseren inneren Konstrukten. Giovanni ZANINELLI von der italienischen<br \/>\nGemeinschaft, vertraute mir diese Gedanken<br \/>\nw\u00e4hrend der Versammlung in Loreto an, die er zuvor<br \/>\nan dem W\u00fcstentag hatte: \u201eDie Stille war der Ort<br \/>\nGottes, aber ich konnte seine Stimme nicht h\u00f6ren. In<br \/>\nmeinem Geist schien sich eine Leere auszubreiten,<br \/>\naber zur gleichen Zeit auch Ruhe und Gelassenheit:<br \/>\nein Zeichen der N\u00e4he zu Gott, von seiner Gegenwart. Wahrscheinlich spricht Gott auf diese Weise. Wenn Gott nicht spricht, so deshalb, weil wir ihm dazu keine Gelegenheit geben. Wir erf\u00fcllen unsere Zeit mit unseren W\u00fcnschen und Sorgen. Wir sprechen und lassen nicht sprechen. Dann verstehst du pl\u00f6tzlich das kleine Gebet von Samuel: \u201eSprich, Herr, dein Diener h\u00f6rt dir zu.\u201c Gott spricht nicht, weil wir nicht warten k\u00f6nnen und auf sein Wort hoffen k\u00f6nnen.\u201c<br \/>\nDie W\u00fcste ist grundlegend f\u00fcr unser inneres Leben und f\u00fcr das Leben der Gemeinschaft. Die W\u00fcste und die Anbetung lassen uns in der Freundschaft zu Jesus und zu unseren N\u00e4chsten wachsen. Eine Fraternit\u00e4t von Br\u00fcdern-Freunden ist ein Treffpunkt nicht nur zum Gebet, sondern auch, wo wir unser Leben lesen k\u00f6nnen und zulassen, dass die anderen unsere Herzen lesen in einem kontemplativen Moment.<br \/>\nAm letzten Novemberwochenende hatten wir das Treffen der Familie FOUCAULD von Andalusien und Murcia (Spanien), wobei uns Marc HAYET, ehemals Prior der Br\u00fcder Jesus, mit dem Thema \u201eSich klein machen, um Bruder zu werden\u201c begleitete. Die Erfahrung der Fraternit\u00e4ten, des Zusammenlebens, das gemeinsame Gebet, die Feier, das Wort, Marc zuh\u00f6ren &#8211; all das hat uns geholfen, uns in die Spiritualit\u00e4t der Botschaft, der Entscheidungen und Zukunftsvisionen von Charles de FOUCAULD zu vertiefen. Ganz besonders beeindruckt hat uns das Zeugnis eines muslimischen Arbeitskollegen: \u201eWenn ich vergeben will, muss ich alle meine verinnerlichten Gesetze \u00e4ndern.\u201c Zum Nachdenken&#8230;<br \/>\n\ufffc\ufffc\ufffc<br \/>\n\ufffc\ufffc\ufffc\ufffc\ufffc\ufffcEin heiliger und lebendiger Advent euch allen. Frohe und br\u00fcderliche Weihnacht euch allen. Dass unser Leben andere gl\u00fccklich machen m\u00f6ge. Das ist mein Herzenswunsch, begleitet von einer gro\u00dfen Umarmung f\u00fcr einen jeden von euch.<br \/>\nAurelio SANZ BAEZA, verantwortlicher Bruder<br \/>\n\ufffc\ufffcPer\u00edn, Cartagena, Murcia, Spanien, 26 November 2013<br \/>\n(\u00dcbersetzung von \u00darsula CRAMER; vielen dank, \u00darsula)<\/p>","protected":false},"excerpt":{"rendered":"<p>RUMDBRIEF ZUM ADVENT 2013 VERANTWORTLICHER BRUDER PRIESTERGEMEINSCHAFT IESUS CARITAS Liebe Br\u00fcder, wenn ihr diesen Brief in H\u00e4nden h\u00e4lt, feiern wir gerade den Jahrestag von Charles de FOUCAULD, zugleich Beginn des <a class=\"more-link\" href=\"https:\/\/www.iesuscaritas.org\/de\/letters\/aurelio-letters\/carta-adviento-2013-hermano-responsable\/\">Continue Reading &rarr;<\/a><\/p>\n","protected":false},"author":2,"featured_media":0,"comment_status":"open","ping_status":"open","sticky":false,"template":"","format":"standard","meta":{"footnotes":""},"categories":[5],"tags":[],"class_list":["post-232","post","type-post","status-publish","format-standard","hentry","category-aurelio-letters"],"_links":{"self":[{"href":"https:\/\/www.iesuscaritas.org\/de\/wp-json\/wp\/v2\/posts\/232","targetHints":{"allow":["GET"]}}],"collection":[{"href":"https:\/\/www.iesuscaritas.org\/de\/wp-json\/wp\/v2\/posts"}],"about":[{"href":"https:\/\/www.iesuscaritas.org\/de\/wp-json\/wp\/v2\/types\/post"}],"author":[{"embeddable":true,"href":"https:\/\/www.iesuscaritas.org\/de\/wp-json\/wp\/v2\/users\/2"}],"replies":[{"embeddable":true,"href":"https:\/\/www.iesuscaritas.org\/de\/wp-json\/wp\/v2\/comments?post=232"}],"version-history":[{"count":1,"href":"https:\/\/www.iesuscaritas.org\/de\/wp-json\/wp\/v2\/posts\/232\/revisions"}],"predecessor-version":[{"id":233,"href":"https:\/\/www.iesuscaritas.org\/de\/wp-json\/wp\/v2\/posts\/232\/revisions\/233"}],"wp:attachment":[{"href":"https:\/\/www.iesuscaritas.org\/de\/wp-json\/wp\/v2\/media?parent=232"}],"wp:term":[{"taxonomy":"category","embeddable":true,"href":"https:\/\/www.iesuscaritas.org\/de\/wp-json\/wp\/v2\/categories?post=232"},{"taxonomy":"post_tag","embeddable":true,"href":"https:\/\/www.iesuscaritas.org\/de\/wp-json\/wp\/v2\/tags?post=232"}],"curies":[{"name":"wp","href":"https:\/\/api.w.org\/{rel}","templated":true}]}}